{"id":19296,"date":"2020-06-18T09:09:42","date_gmt":"2020-06-18T07:09:42","guid":{"rendered":"http:\/\/agora.xtec.cat\/ies-baix-montseny\/?p=19296"},"modified":"2020-06-19T11:18:43","modified_gmt":"2020-06-19T09:18:43","slug":"fem-radio-confinats","status":"publish","type":"post","link":"https:\/\/agora.xtec.cat\/ies-baix-montseny\/general\/fem-radio-confinats\/","title":{"rendered":"FEM R\u00c0DIO CONFINATS"},"content":{"rendered":"<div><a href=\"https:\/\/agora.xtec.cat\/ies-baix-montseny\/wp-content\/uploads\/usu1288\/2020\/06\/r\u00e0dio.jpg\"><img loading=\"lazy\" decoding=\"async\" class=\"alignnone size-full wp-image-19297\" src=\"https:\/\/agora.xtec.cat\/ies-baix-montseny\/wp-content\/uploads\/usu1288\/2020\/06\/r\u00e0dio.jpg\" alt=\"\" width=\"222\" height=\"227\" \/><\/a><\/div>\n<div class=\"CjVfdc\"><\/div>\n<div><\/div>\n<div class=\"CjVfdc\">La situaci\u00f3 actual \u00e9s ben diferent al qu\u00e8 mai hem viscut fins ara. Aprofitant aquest moment, a 1r d&#8217;ESO hem iniciat el projecte de la R\u00c0DIO, una eina per compartir i fer arribar a tothom com estem vivint aquests dies, des de totes les vessants possibles.<\/div>\n<div>A continuaci\u00f3 us deixem el link de la web amb els resultats de tot el que s&#8217;ha anat treballant aquests dies.<\/div>\n<div>Molt bona feina!<\/div>\n<div><\/div>\n<div><\/div>\n<div><a href=\"https:\/\/sites.google.com\/xtec.cat\/femradioconfinatsprojecte1reso\/p%C3%A0gina-principal\">https:\/\/sites.google.com\/xtec.cat\/femradioconfinatsprojecte1reso\/p%C3%A0gina-principal<\/a><\/div>\n<div><\/div>\n","protected":false},"excerpt":{"rendered":"<p><a href=\"https:\/\/agora.xtec.cat\/ies-baix-montseny\/wp-content\/uploads\/usu1288\/2020\/06\/r\u00e0dio.jpg\"><\/a><\/p>\n<p>La situaci\u00f3 actual \u00e9s ben diferent al qu\u00e8 mai hem viscut fins ara. Aprofitant aquest moment, a 1r d&#8217;ESO hem iniciat el projecte de la R\u00c0DIO, una eina per compartir i fer arribar a tothom com estem vivint aquests dies, des de totes les&hellip;  <a href=\"https:\/\/agora.xtec.cat\/ies-baix-montseny\/general\/fem-radio-confinats\/\" title=\"Read FEM R\u00c0DIO CONFINATS\">Llegeix m\u00e9s\u00bb<\/a><\/p>\n","protected":false},"author":7,"featured_media":19297,"comment_status":"open","ping_status":"closed","sticky":false,"template":"","format":"standard","meta":{"_bbp_topic_count":0,"_bbp_reply_count":0,"_bbp_total_topic_count":0,"_bbp_total_reply_count":0,"_bbp_voice_count":0,"_bbp_anonymous_reply_count":0,"_bbp_topic_count_hidden":0,"_bbp_reply_count_hidden":0,"_bbp_forum_subforum_count":0,"footnotes":""},"categories":[4,64,3,1,29],"tags":[],"class_list":["post-19296","post","type-post","status-publish","format-standard","has-post-thumbnail","hentry","category-eso-1","category-activitats","category-eso","category-general","category-portada"],"post_mailing_queue_ids":[],"_links":{"self":[{"href":"https:\/\/agora.xtec.cat\/ies-baix-montseny\/wp-json\/wp\/v2\/posts\/19296","targetHints":{"allow":["GET"]}}],"collection":[{"href":"https:\/\/agora.xtec.cat\/ies-baix-montseny\/wp-json\/wp\/v2\/posts"}],"about":[{"href":"https:\/\/agora.xtec.cat\/ies-baix-montseny\/wp-json\/wp\/v2\/types\/post"}],"author":[{"embeddable":true,"href":"https:\/\/agora.xtec.cat\/ies-baix-montseny\/wp-json\/wp\/v2\/users\/7"}],"replies":[{"embeddable":true,"href":"https:\/\/agora.xtec.cat\/ies-baix-montseny\/wp-json\/wp\/v2\/comments?post=19296"}],"version-history":[{"count":3,"href":"https:\/\/agora.xtec.cat\/ies-baix-montseny\/wp-json\/wp\/v2\/posts\/19296\/revisions"}],"predecessor-version":[{"id":19300,"href":"https:\/\/agora.xtec.cat\/ies-baix-montseny\/wp-json\/wp\/v2\/posts\/19296\/revisions\/19300"}],"wp:featuredmedia":[{"embeddable":true,"href":"https:\/\/agora.xtec.cat\/ies-baix-montseny\/wp-json\/wp\/v2\/media\/19297"}],"wp:attachment":[{"href":"https:\/\/agora.xtec.cat\/ies-baix-montseny\/wp-json\/wp\/v2\/media?parent=19296"}],"wp:term":[{"taxonomy":"category","embeddable":true,"href":"https:\/\/agora.xtec.cat\/ies-baix-montseny\/wp-json\/wp\/v2\/categories?post=19296"},{"taxonomy":"post_tag","embeddable":true,"href":"https:\/\/agora.xtec.cat\/ies-baix-montseny\/wp-json\/wp\/v2\/tags?post=19296"}],"curies":[{"name":"wp","href":"https:\/\/api.w.org\/{rel}","templated":true}]}}