{"id":1916,"date":"2018-11-27T15:49:38","date_gmt":"2018-11-27T14:49:38","guid":{"rendered":"http:\/\/agora.xtec.cat\/ies-baix-montseny\/?p=1916"},"modified":"2018-11-27T15:56:18","modified_gmt":"2018-11-27T14:56:18","slug":"violencia-de-genere","status":"publish","type":"post","link":"https:\/\/agora.xtec.cat\/ies-baix-montseny\/general\/violencia-de-genere\/","title":{"rendered":"VIOL\u00c8NCIA DE G\u00c8NERE"},"content":{"rendered":"<p>Aquest curs a\u00a0 tutoria i cultura i valors, treballem la prevenci\u00f3: conscienciaci\u00f3 sobre la viol\u00e8ncia de g\u00e8nere des de 1r d&#8217;ESO a 2n de BAT. Ensenyem als nostres alumnes a detectar les senyals d&#8217;alerta.<\/p>\n<p>Ho hem reflectit dibuixant aquesta escala:<\/p>\n<p><a href=\"https:\/\/agora.xtec.cat\/ies-baix-montseny\/wp-content\/uploads\/usu1288\/2018\/11\/PHOTO-2018-11-27-15-37-44.jpg\"><img loading=\"lazy\" decoding=\"async\" class=\"alignnone size-medium wp-image-1917\" src=\"https:\/\/agora.xtec.cat\/ies-baix-montseny\/wp-content\/uploads\/usu1288\/2018\/11\/PHOTO-2018-11-27-15-37-44-300x225.jpg\" alt=\"\" width=\"300\" height=\"225\" srcset=\"https:\/\/agora.xtec.cat\/ies-baix-montseny\/wp-content\/uploads\/usu1288\/2018\/11\/PHOTO-2018-11-27-15-37-44-300x225.jpg 300w, https:\/\/agora.xtec.cat\/ies-baix-montseny\/wp-content\/uploads\/usu1288\/2018\/11\/PHOTO-2018-11-27-15-37-44-768x576.jpg 768w, https:\/\/agora.xtec.cat\/ies-baix-montseny\/wp-content\/uploads\/usu1288\/2018\/11\/PHOTO-2018-11-27-15-37-44.jpg 1024w, https:\/\/agora.xtec.cat\/ies-baix-montseny\/wp-content\/uploads\/usu1288\/2018\/11\/PHOTO-2018-11-27-15-37-44-200x150.jpg 200w\" sizes=\"auto, (max-width: 300px) 100vw, 300px\" \/><\/a><\/p>\n<p>Pots seguir el treball realitzat al twitter: #obrimelsulls25N<\/p>\n","protected":false},"excerpt":{"rendered":"<p>Aquest curs a\u00a0 tutoria i cultura i valors, treballem la prevenci\u00f3: conscienciaci\u00f3 sobre la viol\u00e8ncia de g\u00e8nere des de 1r d&#8217;ESO a 2n de BAT. Ensenyem als nostres alumnes a detectar les senyals d&#8217;alerta.<br \/>\nHo hem reflectit dibuixant aquesta escala:<br \/>\n<a href=\"https:\/\/agora.xtec.cat\/ies-baix-montseny\/wp-content\/uploads\/usu1288\/2018\/11\/PHOTO-2018-11-27-15-37-44.jpg\"><\/a><br \/>\nPots seguir el treball realitzat al&hellip;  <a href=\"https:\/\/agora.xtec.cat\/ies-baix-montseny\/general\/violencia-de-genere\/\" title=\"Read VIOL\u00c8NCIA DE G\u00c8NERE\">Llegeix m\u00e9s\u00bb<\/a><\/p>\n","protected":false},"author":9,"featured_media":1917,"comment_status":"open","ping_status":"closed","sticky":false,"template":"","format":"standard","meta":{"_bbp_topic_count":0,"_bbp_reply_count":0,"_bbp_total_topic_count":0,"_bbp_total_reply_count":0,"_bbp_voice_count":0,"_bbp_anonymous_reply_count":0,"_bbp_topic_count_hidden":0,"_bbp_reply_count_hidden":0,"_bbp_forum_subforum_count":0,"footnotes":""},"categories":[1,29,110],"tags":[],"class_list":["post-1916","post","type-post","status-publish","format-standard","has-post-thumbnail","hentry","category-general","category-portada","category-tutoria"],"post_mailing_queue_ids":[],"_links":{"self":[{"href":"https:\/\/agora.xtec.cat\/ies-baix-montseny\/wp-json\/wp\/v2\/posts\/1916","targetHints":{"allow":["GET"]}}],"collection":[{"href":"https:\/\/agora.xtec.cat\/ies-baix-montseny\/wp-json\/wp\/v2\/posts"}],"about":[{"href":"https:\/\/agora.xtec.cat\/ies-baix-montseny\/wp-json\/wp\/v2\/types\/post"}],"author":[{"embeddable":true,"href":"https:\/\/agora.xtec.cat\/ies-baix-montseny\/wp-json\/wp\/v2\/users\/9"}],"replies":[{"embeddable":true,"href":"https:\/\/agora.xtec.cat\/ies-baix-montseny\/wp-json\/wp\/v2\/comments?post=1916"}],"version-history":[{"count":1,"href":"https:\/\/agora.xtec.cat\/ies-baix-montseny\/wp-json\/wp\/v2\/posts\/1916\/revisions"}],"predecessor-version":[{"id":1918,"href":"https:\/\/agora.xtec.cat\/ies-baix-montseny\/wp-json\/wp\/v2\/posts\/1916\/revisions\/1918"}],"wp:featuredmedia":[{"embeddable":true,"href":"https:\/\/agora.xtec.cat\/ies-baix-montseny\/wp-json\/wp\/v2\/media\/1917"}],"wp:attachment":[{"href":"https:\/\/agora.xtec.cat\/ies-baix-montseny\/wp-json\/wp\/v2\/media?parent=1916"}],"wp:term":[{"taxonomy":"category","embeddable":true,"href":"https:\/\/agora.xtec.cat\/ies-baix-montseny\/wp-json\/wp\/v2\/categories?post=1916"},{"taxonomy":"post_tag","embeddable":true,"href":"https:\/\/agora.xtec.cat\/ies-baix-montseny\/wp-json\/wp\/v2\/tags?post=1916"}],"curies":[{"name":"wp","href":"https:\/\/api.w.org\/{rel}","templated":true}]}}