{"id":1914,"date":"2018-11-27T15:41:13","date_gmt":"2018-11-27T14:41:13","guid":{"rendered":"http:\/\/agora.xtec.cat\/ies-baix-montseny\/?p=1914"},"modified":"2018-11-27T15:41:13","modified_gmt":"2018-11-27T14:41:13","slug":"xerrada-darcadi-oliveres","status":"publish","type":"post","link":"https:\/\/agora.xtec.cat\/ies-baix-montseny\/batxillerat\/xerrada-darcadi-oliveres\/","title":{"rendered":"Xerrada d&#8217;Arcadi Oliveres"},"content":{"rendered":"<p>El passat 19 de novembre tots els alumnes de 1r i 2n de batxillerat van assistir a l&#8217;Ateneu a la xerrada que vam programar amb l&#8217;Arcadi Oliveres.<\/p>\n<div dir=\"auto\">L&#8217;Arcadi ha estar durant molts anys professor d&#8217;Economia aplicada a l&#8217;UAB, president de Just\u00edcia i Pau, i actualment treballa a la Universitat de la Pau de Sant Cugat del Vall\u00e8s.<\/div>\n<div dir=\"auto\">Va explicar als nostres alumnes els efectes de la globalitzaci\u00f3,\u00a0 les desigualtats nord-sud\u00a0 amb les injust\u00edcies del comer\u00e7 internacional,\u00a0la problem\u00e0tica dels recursos energ\u00e8tics com el petroli, el tr\u00e0fic d&#8217;armes, i el dram\u00e0tic viatge dels refugiats que volen arribar a Europa. Va ser un xerrada interessant que pret\u00e9n afavorir l&#8217;esperit cr\u00edtic del nostre alumnat i obrir processos de reflexi\u00f3.<\/div>\n<div dir=\"auto\">Laura Sicart<\/div>\n","protected":false},"excerpt":{"rendered":"<p>El passat 19 de novembre tots els alumnes de 1r i 2n de batxillerat van assistir a l&#8217;Ateneu a la xerrada que vam programar amb l&#8217;Arcadi Oliveres.<br \/>\nL&#8217;Arcadi ha estar durant molts anys professor d&#8217;Economia aplicada a l&#8217;UAB, president de Just\u00edcia i Pau, i actualment treballa&hellip;  <a href=\"https:\/\/agora.xtec.cat\/ies-baix-montseny\/batxillerat\/xerrada-darcadi-oliveres\/\" title=\"Read Xerrada d&#8217;Arcadi Oliveres\">Llegeix m\u00e9s\u00bb<\/a><\/p>\n","protected":false},"author":9,"featured_media":0,"comment_status":"open","ping_status":"closed","sticky":false,"template":"","format":"standard","meta":{"_bbp_topic_count":0,"_bbp_reply_count":0,"_bbp_total_topic_count":0,"_bbp_total_reply_count":0,"_bbp_voice_count":0,"_bbp_anonymous_reply_count":0,"_bbp_topic_count_hidden":0,"_bbp_reply_count_hidden":0,"_bbp_forum_subforum_count":0,"footnotes":""},"categories":[8,29],"tags":[],"class_list":["post-1914","post","type-post","status-publish","format-standard","hentry","category-batxillerat","category-portada"],"post_mailing_queue_ids":[],"_links":{"self":[{"href":"https:\/\/agora.xtec.cat\/ies-baix-montseny\/wp-json\/wp\/v2\/posts\/1914","targetHints":{"allow":["GET"]}}],"collection":[{"href":"https:\/\/agora.xtec.cat\/ies-baix-montseny\/wp-json\/wp\/v2\/posts"}],"about":[{"href":"https:\/\/agora.xtec.cat\/ies-baix-montseny\/wp-json\/wp\/v2\/types\/post"}],"author":[{"embeddable":true,"href":"https:\/\/agora.xtec.cat\/ies-baix-montseny\/wp-json\/wp\/v2\/users\/9"}],"replies":[{"embeddable":true,"href":"https:\/\/agora.xtec.cat\/ies-baix-montseny\/wp-json\/wp\/v2\/comments?post=1914"}],"version-history":[{"count":1,"href":"https:\/\/agora.xtec.cat\/ies-baix-montseny\/wp-json\/wp\/v2\/posts\/1914\/revisions"}],"predecessor-version":[{"id":1915,"href":"https:\/\/agora.xtec.cat\/ies-baix-montseny\/wp-json\/wp\/v2\/posts\/1914\/revisions\/1915"}],"wp:attachment":[{"href":"https:\/\/agora.xtec.cat\/ies-baix-montseny\/wp-json\/wp\/v2\/media?parent=1914"}],"wp:term":[{"taxonomy":"category","embeddable":true,"href":"https:\/\/agora.xtec.cat\/ies-baix-montseny\/wp-json\/wp\/v2\/categories?post=1914"},{"taxonomy":"post_tag","embeddable":true,"href":"https:\/\/agora.xtec.cat\/ies-baix-montseny\/wp-json\/wp\/v2\/tags?post=1914"}],"curies":[{"name":"wp","href":"https:\/\/api.w.org\/{rel}","templated":true}]}}