{"id":1842,"date":"2018-10-29T10:02:35","date_gmt":"2018-10-29T09:02:35","guid":{"rendered":"http:\/\/agora.xtec.cat\/ies-baix-montseny\/?p=1842"},"modified":"2018-10-29T19:58:34","modified_gmt":"2018-10-29T18:58:34","slug":"construim-un-hort-ecologic","status":"publish","type":"post","link":"https:\/\/agora.xtec.cat\/ies-baix-montseny\/portada\/construim-un-hort-ecologic\/","title":{"rendered":"CONSTRUIM UN HORT ECOL\u00d2GIC"},"content":{"rendered":"<p><i>Els alumnes del Projecte Ametista i el Projecte Baobab col\u00b7laborem en la creaci\u00f3 de l&#8217;hort del Baix Montseny. Ja el curs\u00a0passat vam comen\u00e7ar a preparar el terra i vam plantar alguna verdura, per\u00f2\u00a0<\/i><i>ara l&#8217;estem ampliant i estem desenvolupant conjuntament tot un projecte m\u00e9s elaborat. Amb aquest hort ecol\u00f2gic pretenem rebre una educaci\u00f3 mediambiental, basada en la cura, respecte i defensa de la natura i alhora, tamb\u00e9 treballar moltes altres assignatures de manera transversal.<\/i><\/p>\n<div><\/div>\n<div><\/div>\n<div><a href=\"https:\/\/agora.xtec.cat\/ies-baix-montseny\/wp-content\/uploads\/usu1288\/2018\/10\/IMG_20181017_112149.jpg\"><img loading=\"lazy\" decoding=\"async\" class=\"alignnone wp-image-1839 size-medium\" src=\"https:\/\/agora.xtec.cat\/ies-baix-montseny\/wp-content\/uploads\/usu1288\/2018\/10\/IMG_20181017_112149-300x225.jpg\" alt=\"\" width=\"300\" height=\"225\" srcset=\"https:\/\/agora.xtec.cat\/ies-baix-montseny\/wp-content\/uploads\/usu1288\/2018\/10\/IMG_20181017_112149-300x225.jpg 300w, https:\/\/agora.xtec.cat\/ies-baix-montseny\/wp-content\/uploads\/usu1288\/2018\/10\/IMG_20181017_112149-768x576.jpg 768w, https:\/\/agora.xtec.cat\/ies-baix-montseny\/wp-content\/uploads\/usu1288\/2018\/10\/IMG_20181017_112149-1024x768.jpg 1024w, https:\/\/agora.xtec.cat\/ies-baix-montseny\/wp-content\/uploads\/usu1288\/2018\/10\/IMG_20181017_112149-200x150.jpg 200w, https:\/\/agora.xtec.cat\/ies-baix-montseny\/wp-content\/uploads\/usu1288\/2018\/10\/IMG_20181017_112149.jpg 1600w\" sizes=\"auto, (max-width: 300px) 100vw, 300px\" \/><\/a> <a href=\"https:\/\/agora.xtec.cat\/ies-baix-montseny\/wp-content\/uploads\/usu1288\/2018\/10\/IMG_20181017_111454.jpg\"><img loading=\"lazy\" decoding=\"async\" class=\"alignnone wp-image-1837 size-medium\" src=\"https:\/\/agora.xtec.cat\/ies-baix-montseny\/wp-content\/uploads\/usu1288\/2018\/10\/IMG_20181017_111454-225x300.jpg\" alt=\"\" width=\"225\" height=\"300\" srcset=\"https:\/\/agora.xtec.cat\/ies-baix-montseny\/wp-content\/uploads\/usu1288\/2018\/10\/IMG_20181017_111454-225x300.jpg 225w, https:\/\/agora.xtec.cat\/ies-baix-montseny\/wp-content\/uploads\/usu1288\/2018\/10\/IMG_20181017_111454-768x1024.jpg 768w, https:\/\/agora.xtec.cat\/ies-baix-montseny\/wp-content\/uploads\/usu1288\/2018\/10\/IMG_20181017_111454.jpg 1200w\" sizes=\"auto, (max-width: 225px) 100vw, 225px\" \/><\/a> <a href=\"https:\/\/agora.xtec.cat\/ies-baix-montseny\/wp-content\/uploads\/usu1288\/2018\/10\/IMG_20181017_111020.jpg\"><img loading=\"lazy\" decoding=\"async\" class=\"alignnone wp-image-1836 size-medium\" src=\"https:\/\/agora.xtec.cat\/ies-baix-montseny\/wp-content\/uploads\/usu1288\/2018\/10\/IMG_20181017_111020-225x300.jpg\" alt=\"\" width=\"225\" height=\"300\" srcset=\"https:\/\/agora.xtec.cat\/ies-baix-montseny\/wp-content\/uploads\/usu1288\/2018\/10\/IMG_20181017_111020-225x300.jpg 225w, https:\/\/agora.xtec.cat\/ies-baix-montseny\/wp-content\/uploads\/usu1288\/2018\/10\/IMG_20181017_111020-768x1024.jpg 768w, https:\/\/agora.xtec.cat\/ies-baix-montseny\/wp-content\/uploads\/usu1288\/2018\/10\/IMG_20181017_111020.jpg 1200w\" sizes=\"auto, (max-width: 225px) 100vw, 225px\" \/><\/a> <a href=\"https:\/\/agora.xtec.cat\/ies-baix-montseny\/wp-content\/uploads\/usu1288\/2018\/10\/IMG_20181017_110907.jpg\"><img loading=\"lazy\" decoding=\"async\" class=\"alignnone wp-image-1835 size-medium\" src=\"https:\/\/agora.xtec.cat\/ies-baix-montseny\/wp-content\/uploads\/usu1288\/2018\/10\/IMG_20181017_110907-300x225.jpg\" alt=\"\" width=\"300\" height=\"225\" srcset=\"https:\/\/agora.xtec.cat\/ies-baix-montseny\/wp-content\/uploads\/usu1288\/2018\/10\/IMG_20181017_110907-300x225.jpg 300w, https:\/\/agora.xtec.cat\/ies-baix-montseny\/wp-content\/uploads\/usu1288\/2018\/10\/IMG_20181017_110907-768x576.jpg 768w, https:\/\/agora.xtec.cat\/ies-baix-montseny\/wp-content\/uploads\/usu1288\/2018\/10\/IMG_20181017_110907-1024x768.jpg 1024w, https:\/\/agora.xtec.cat\/ies-baix-montseny\/wp-content\/uploads\/usu1288\/2018\/10\/IMG_20181017_110907-200x150.jpg 200w, https:\/\/agora.xtec.cat\/ies-baix-montseny\/wp-content\/uploads\/usu1288\/2018\/10\/IMG_20181017_110907.jpg 1600w\" sizes=\"auto, (max-width: 300px) 100vw, 300px\" \/><\/a> <a href=\"https:\/\/agora.xtec.cat\/ies-baix-montseny\/wp-content\/uploads\/usu1288\/2018\/10\/IMG_20181017_111422.jpg\"><img loading=\"lazy\" decoding=\"async\" class=\"alignnone size-medium wp-image-1834\" src=\"https:\/\/agora.xtec.cat\/ies-baix-montseny\/wp-content\/uploads\/usu1288\/2018\/10\/IMG_20181017_111422-225x300.jpg\" alt=\"\" width=\"225\" height=\"300\" srcset=\"https:\/\/agora.xtec.cat\/ies-baix-montseny\/wp-content\/uploads\/usu1288\/2018\/10\/IMG_20181017_111422-225x300.jpg 225w, https:\/\/agora.xtec.cat\/ies-baix-montseny\/wp-content\/uploads\/usu1288\/2018\/10\/IMG_20181017_111422-768x1024.jpg 768w, https:\/\/agora.xtec.cat\/ies-baix-montseny\/wp-content\/uploads\/usu1288\/2018\/10\/IMG_20181017_111422.jpg 1200w\" sizes=\"auto, (max-width: 225px) 100vw, 225px\" \/><\/a><\/div>\n","protected":false},"excerpt":{"rendered":"<p>Els alumnes del Projecte Ametista i el Projecte Baobab col\u00b7laborem en la creaci\u00f3 de l&#8217;hort del Baix Montseny. Ja el curs\u00a0passat vam comen\u00e7ar a preparar el terra i vam plantar alguna verdura, per\u00f2\u00a0ara l&#8217;estem ampliant i estem desenvolupant conjuntament tot un projecte m\u00e9s elaborat. Amb&hellip;  <a href=\"https:\/\/agora.xtec.cat\/ies-baix-montseny\/portada\/construim-un-hort-ecologic\/\" title=\"Read CONSTRUIM UN HORT ECOL\u00d2GIC\">Llegeix m\u00e9s\u00bb<\/a><\/p>\n","protected":false},"author":9,"featured_media":1835,"comment_status":"open","ping_status":"closed","sticky":false,"template":"","format":"standard","meta":{"_bbp_topic_count":0,"_bbp_reply_count":0,"_bbp_total_topic_count":0,"_bbp_total_reply_count":0,"_bbp_voice_count":0,"_bbp_anonymous_reply_count":0,"_bbp_topic_count_hidden":0,"_bbp_reply_count_hidden":0,"_bbp_forum_subforum_count":0,"footnotes":""},"categories":[29,101],"tags":[],"class_list":["post-1842","post","type-post","status-publish","format-standard","has-post-thumbnail","hentry","category-portada","category-usee"],"post_mailing_queue_ids":[],"_links":{"self":[{"href":"https:\/\/agora.xtec.cat\/ies-baix-montseny\/wp-json\/wp\/v2\/posts\/1842","targetHints":{"allow":["GET"]}}],"collection":[{"href":"https:\/\/agora.xtec.cat\/ies-baix-montseny\/wp-json\/wp\/v2\/posts"}],"about":[{"href":"https:\/\/agora.xtec.cat\/ies-baix-montseny\/wp-json\/wp\/v2\/types\/post"}],"author":[{"embeddable":true,"href":"https:\/\/agora.xtec.cat\/ies-baix-montseny\/wp-json\/wp\/v2\/users\/9"}],"replies":[{"embeddable":true,"href":"https:\/\/agora.xtec.cat\/ies-baix-montseny\/wp-json\/wp\/v2\/comments?post=1842"}],"version-history":[{"count":2,"href":"https:\/\/agora.xtec.cat\/ies-baix-montseny\/wp-json\/wp\/v2\/posts\/1842\/revisions"}],"predecessor-version":[{"id":1849,"href":"https:\/\/agora.xtec.cat\/ies-baix-montseny\/wp-json\/wp\/v2\/posts\/1842\/revisions\/1849"}],"wp:featuredmedia":[{"embeddable":true,"href":"https:\/\/agora.xtec.cat\/ies-baix-montseny\/wp-json\/wp\/v2\/media\/1835"}],"wp:attachment":[{"href":"https:\/\/agora.xtec.cat\/ies-baix-montseny\/wp-json\/wp\/v2\/media?parent=1842"}],"wp:term":[{"taxonomy":"category","embeddable":true,"href":"https:\/\/agora.xtec.cat\/ies-baix-montseny\/wp-json\/wp\/v2\/categories?post=1842"},{"taxonomy":"post_tag","embeddable":true,"href":"https:\/\/agora.xtec.cat\/ies-baix-montseny\/wp-json\/wp\/v2\/tags?post=1842"}],"curies":[{"name":"wp","href":"https:\/\/api.w.org\/{rel}","templated":true}]}}