{"id":1810,"date":"2018-10-02T10:18:10","date_gmt":"2018-10-02T08:18:10","guid":{"rendered":"http:\/\/agora.xtec.cat\/ies-baix-montseny\/?p=1810"},"modified":"2018-10-02T10:24:27","modified_gmt":"2018-10-02T08:24:27","slug":"per-un-inici-de-curs-ben-cohesionats","status":"publish","type":"post","link":"https:\/\/agora.xtec.cat\/ies-baix-montseny\/general\/per-un-inici-de-curs-ben-cohesionats\/","title":{"rendered":"PER UN INICI DE CURS BEN COHESIONATS!"},"content":{"rendered":"<p>La setmana passada es van realitzar les sortides de cohesi\u00f3 de 1r, 2on i 3r d&#8217;ESO. Cada any l&#8217;objectiu \u00e9s que els grups en sortin m\u00e9s cohesionats. En una d&#8217;aquestes sortides els professors van fer una mostra total de cohesi\u00f3. Aqu\u00ed en teniu la prova en v\u00eddeo:<\/p>\n<p><a href=\"http:\/\/agora.xtec.cat\/ies-baix-montseny\/wp-content\/uploads\/usu1288\/2018\/10\/cfeda54a-40a7-4d27-9d64-7c71857c83ce.mp4\">cfeda54a-40a7-4d27-9d64-7c71857c83ce<\/a><\/p>\n<p>Creiem fonamental la cohesi\u00f3 entre el professorat i per aix\u00f2 30 professors del nostre institut van anar de \u00a8col\u00f2nies\u00a8 aquest cap de setmana per fer una formaci\u00f3 per descobrir m\u00e9s maneres d&#8217;ajudar els alumnes i tamb\u00e9 per augmentar la cohesi\u00f3 entre nosaltres.<\/p>\n<p><a href=\"http:\/\/agora.xtec.cat\/ies-baix-montseny\/wp-content\/uploads\/usu1288\/2018\/10\/PHOTO-2018-09-29-16-39-55.jpg\"><img loading=\"lazy\" decoding=\"async\" class=\"alignnone size-large wp-image-1812\" src=\"http:\/\/agora.xtec.cat\/ies-baix-montseny\/wp-content\/uploads\/usu1288\/2018\/10\/PHOTO-2018-09-29-16-39-55-1024x768.jpg\" alt=\"\" width=\"1024\" height=\"768\" srcset=\"https:\/\/agora.xtec.cat\/ies-baix-montseny\/wp-content\/uploads\/usu1288\/2018\/10\/PHOTO-2018-09-29-16-39-55-1024x768.jpg 1024w, https:\/\/agora.xtec.cat\/ies-baix-montseny\/wp-content\/uploads\/usu1288\/2018\/10\/PHOTO-2018-09-29-16-39-55-300x225.jpg 300w, https:\/\/agora.xtec.cat\/ies-baix-montseny\/wp-content\/uploads\/usu1288\/2018\/10\/PHOTO-2018-09-29-16-39-55-768x576.jpg 768w, https:\/\/agora.xtec.cat\/ies-baix-montseny\/wp-content\/uploads\/usu1288\/2018\/10\/PHOTO-2018-09-29-16-39-55-200x150.jpg 200w, https:\/\/agora.xtec.cat\/ies-baix-montseny\/wp-content\/uploads\/usu1288\/2018\/10\/PHOTO-2018-09-29-16-39-55.jpg 1600w\" sizes=\"auto, (max-width: 1024px) 100vw, 1024px\" \/><\/a><\/p>\n","protected":false},"excerpt":{"rendered":"<p>La setmana passada es van realitzar les sortides de cohesi\u00f3 de 1r, 2on i 3r d&#8217;ESO. Cada any l&#8217;objectiu \u00e9s que els grups en sortin m\u00e9s cohesionats. En una d&#8217;aquestes sortides els professors van fer una mostra total de cohesi\u00f3. Aqu\u00ed en teniu la prova&hellip;  <a href=\"https:\/\/agora.xtec.cat\/ies-baix-montseny\/general\/per-un-inici-de-curs-ben-cohesionats\/\" title=\"Read PER UN INICI DE CURS BEN COHESIONATS!\">Llegeix m\u00e9s\u00bb<\/a><\/p>\n","protected":false},"author":9,"featured_media":0,"comment_status":"open","ping_status":"closed","sticky":false,"template":"","format":"standard","meta":{"_bbp_topic_count":0,"_bbp_reply_count":0,"_bbp_total_topic_count":0,"_bbp_total_reply_count":0,"_bbp_voice_count":0,"_bbp_anonymous_reply_count":0,"_bbp_topic_count_hidden":0,"_bbp_reply_count_hidden":0,"_bbp_forum_subforum_count":0,"footnotes":""},"categories":[1,29],"tags":[],"class_list":["post-1810","post","type-post","status-publish","format-standard","hentry","category-general","category-portada"],"post_mailing_queue_ids":[],"_links":{"self":[{"href":"https:\/\/agora.xtec.cat\/ies-baix-montseny\/wp-json\/wp\/v2\/posts\/1810","targetHints":{"allow":["GET"]}}],"collection":[{"href":"https:\/\/agora.xtec.cat\/ies-baix-montseny\/wp-json\/wp\/v2\/posts"}],"about":[{"href":"https:\/\/agora.xtec.cat\/ies-baix-montseny\/wp-json\/wp\/v2\/types\/post"}],"author":[{"embeddable":true,"href":"https:\/\/agora.xtec.cat\/ies-baix-montseny\/wp-json\/wp\/v2\/users\/9"}],"replies":[{"embeddable":true,"href":"https:\/\/agora.xtec.cat\/ies-baix-montseny\/wp-json\/wp\/v2\/comments?post=1810"}],"version-history":[{"count":1,"href":"https:\/\/agora.xtec.cat\/ies-baix-montseny\/wp-json\/wp\/v2\/posts\/1810\/revisions"}],"predecessor-version":[{"id":1813,"href":"https:\/\/agora.xtec.cat\/ies-baix-montseny\/wp-json\/wp\/v2\/posts\/1810\/revisions\/1813"}],"wp:attachment":[{"href":"https:\/\/agora.xtec.cat\/ies-baix-montseny\/wp-json\/wp\/v2\/media?parent=1810"}],"wp:term":[{"taxonomy":"category","embeddable":true,"href":"https:\/\/agora.xtec.cat\/ies-baix-montseny\/wp-json\/wp\/v2\/categories?post=1810"},{"taxonomy":"post_tag","embeddable":true,"href":"https:\/\/agora.xtec.cat\/ies-baix-montseny\/wp-json\/wp\/v2\/tags?post=1810"}],"curies":[{"name":"wp","href":"https:\/\/api.w.org\/{rel}","templated":true}]}}