{"id":1791,"date":"2018-08-31T10:53:34","date_gmt":"2018-08-31T08:53:34","guid":{"rendered":"http:\/\/agora.xtec.cat\/ies-baix-montseny\/?p=1791"},"modified":"2018-08-31T10:53:34","modified_gmt":"2018-08-31T08:53:34","slug":"inici-de-curs","status":"publish","type":"post","link":"https:\/\/agora.xtec.cat\/ies-baix-montseny\/general\/inici-de-curs\/","title":{"rendered":"INICI DE CURS"},"content":{"rendered":"<p><a href=\"https:\/\/agora.xtec.cat\/ies-baix-montseny\/wp-content\/uploads\/usu1288\/2018\/08\/nou-curs.jpg\"><img loading=\"lazy\" decoding=\"async\" class=\"alignnone size-large wp-image-1792\" src=\"https:\/\/agora.xtec.cat\/ies-baix-montseny\/wp-content\/uploads\/usu1288\/2018\/08\/nou-curs-1024x724.jpg\" alt=\"\" width=\"1024\" height=\"724\" srcset=\"https:\/\/agora.xtec.cat\/ies-baix-montseny\/wp-content\/uploads\/usu1288\/2018\/08\/nou-curs-1024x724.jpg 1024w, https:\/\/agora.xtec.cat\/ies-baix-montseny\/wp-content\/uploads\/usu1288\/2018\/08\/nou-curs-300x212.jpg 300w, https:\/\/agora.xtec.cat\/ies-baix-montseny\/wp-content\/uploads\/usu1288\/2018\/08\/nou-curs-768x543.jpg 768w, https:\/\/agora.xtec.cat\/ies-baix-montseny\/wp-content\/uploads\/usu1288\/2018\/08\/nou-curs.jpg 1600w\" sizes=\"auto, (max-width: 1024px) 100vw, 1024px\" \/><\/a><\/p>\n<p>Benvolguts pares, mares i\/o tutors legals,<\/p>\n<p>Com ja sabeu, el proper <strong>dimecres 12 de setembre<\/strong> (alumnat d\u2019ESO) i <strong>divendres 14 de setembre<\/strong> (alumnat de Batxillerat i Cicles Formatius) comen\u00e7a el nou curs 2018-2019. El primer dia el dedicarem a fer la presentaci\u00f3 del curs i l\u2019horari ser\u00e0 el seg\u00fcent (el transport escolar ja est\u00e0 avisat):<\/p>\n<table>\n<tbody>\n<tr>\n<td rowspan=\"3\" width=\"95\"><strong>\u00a0<\/strong><\/p>\n<p><strong>\u00a0<\/strong><\/p>\n<p><strong>Dimecres 12 setembre<\/strong><\/td>\n<td rowspan=\"3\" width=\"104\">Horari: de 10 a 12 hores<\/td>\n<td rowspan=\"2\" width=\"83\"><strong>1r d\u2019ESO<\/strong><\/td>\n<td width=\"322\">10:00-10:30 h: Presentaci\u00f3 a la Sala d\u2019Actes amb l\u2019equip directiu<\/td>\n<\/tr>\n<tr>\n<td width=\"322\">10:30-12:00 h: Rebuda dels tutors a les respectives aules<\/td>\n<\/tr>\n<tr>\n<td width=\"83\"><strong>2n, 3r i 4t d\u2019ESO<\/strong><\/td>\n<td width=\"322\">10:00-12:00 h: Presentaci\u00f3 dels tutors a les respectives aules<\/td>\n<\/tr>\n<\/tbody>\n<\/table>\n<table>\n<tbody>\n<tr>\n<td rowspan=\"7\" width=\"95\"><strong>\u00a0<\/strong><\/p>\n<p><strong>\u00a0<\/strong><\/p>\n<p><strong>\u00a0<\/strong><\/p>\n<p><strong>\u00a0<\/strong><\/p>\n<p><strong>Divendres 14 de setembre<\/strong><\/td>\n<td rowspan=\"3\" width=\"104\">Horari: de 10 a 12 hores<\/td>\n<td rowspan=\"2\" width=\"83\"><strong>1r BAT<\/strong><\/td>\n<td width=\"322\">10:00-10:30 h: Presentaci\u00f3 a la Sala d\u2019Actes amb l\u2019equip directiu<\/td>\n<\/tr>\n<tr>\n<td width=\"322\">10:30-12:00 h: Rebuda dels tutors a les respectives aules<\/td>\n<\/tr>\n<tr>\n<td width=\"83\"><strong>2n BAT<\/strong><\/td>\n<td width=\"322\">10:00-12:00 h: Presentaci\u00f3 dels tutors a les respectives aules<\/td>\n<\/tr>\n<tr>\n<td rowspan=\"3\" width=\"104\">Horari: de 11 a 13 hores<\/td>\n<td rowspan=\"2\" width=\"83\"><strong>1r CFGM<\/strong><\/p>\n<p><strong>\u00a0<\/strong><\/td>\n<td width=\"322\">11:00-11:30 h: Presentaci\u00f3 a la Sala d\u2019Actes amb l\u2019equip directiu<\/td>\n<\/tr>\n<tr>\n<td width=\"322\">11:30-13:00 h: Presentaci\u00f3 dels tutors a les respectives aules<\/td>\n<\/tr>\n<tr>\n<td width=\"83\"><strong>2n CFGM<\/strong><\/p>\n<p><strong>\u00a0<\/strong><\/td>\n<td width=\"322\">11:00-13:00 h: Presentaci\u00f3 dels tutors a les respectives aules<\/td>\n<\/tr>\n<tr>\n<td width=\"104\">Horari: de 15:15 a 17 hores<\/td>\n<td width=\"83\"><strong>1r i 2n CFGS <\/strong><\/td>\n<td width=\"322\">15:15-17 h: Presentaci\u00f3 dels tutors a les respectives aules.<\/td>\n<\/tr>\n<\/tbody>\n<\/table>\n<p>El <strong>dijous 13 de setembre<\/strong> els alumnes d\u2019ESO iniciaran les classes normals seguint l\u2019horari que es donar\u00e0 a cada alumne el dia de la presentaci\u00f3.<\/p>\n<p>Els alumnes de Batxillerat i Cicles comen\u00e7aran les classes normals <strong>dilluns 17 de setembre<\/strong>.<\/p>\n<p>A continuaci\u00f3 us detallem els horaris de les reunions de pares i mares d\u2019inici de curs en qu\u00e8 us explicarem el curr\u00edculum i el funcionament\u00a0 del nou curs acad\u00e8mic que tot just ara comen\u00e7a.<\/p>\n<table>\n<tbody>\n<tr>\n<td width=\"215\">Curs<\/td>\n<td width=\"293\">Dia<\/td>\n<td width=\"115\">Hora<\/td>\n<\/tr>\n<tr>\n<td width=\"215\">1r d\u2019ESO<\/td>\n<td width=\"293\">Dimecres 12 de setembre de 2018<\/td>\n<td width=\"115\">17:00 h<\/td>\n<\/tr>\n<tr>\n<td width=\"215\">2n, 3r i 4t d\u2019ESO<\/td>\n<td width=\"293\">Dimarts 18 de setembre de 2018<\/td>\n<td width=\"115\">18:00 h<\/td>\n<\/tr>\n<tr>\n<td width=\"215\">1r de Batxillerat<\/td>\n<td width=\"293\">Dimecres 12 de setembre de 2018<\/td>\n<td width=\"115\">18:00 h<\/td>\n<\/tr>\n<tr>\n<td width=\"215\">2n de Batxillerat<\/td>\n<td width=\"293\">Dimarts 18 de setembre de 2018<\/td>\n<td width=\"115\">18:00 h<\/td>\n<\/tr>\n<tr>\n<td width=\"215\">1r i 2n de CFGM d\u2019Administratiu i Manteniment<\/td>\n<td width=\"293\">Dimecres 26 de setembre de 2018<\/td>\n<td width=\"115\">18:00 h<\/td>\n<\/tr>\n<\/tbody>\n<\/table>\n<p>Us volem recordar que la vostra assist\u00e8ncia \u00e9s molt important per tal que conegueu de primera m\u00e0 tota la informaci\u00f3 que fa refer\u00e8ncia a l\u2019educaci\u00f3 i aprenentatge dels vostres fills\/es, aix\u00ed com per tenir un primer contacte amb el tutor\/a, que d\u2019ara en endavant ser\u00e0 l\u2019enlla\u00e7 entre vosaltres i l\u2019institut.<\/p>\n<p>Agra\u00efm per endavant la vostra assist\u00e8ncia.<\/p>\n<p>Atentament,<\/p>\n<p>L\u2019Equip Directiu<\/p>\n","protected":false},"excerpt":{"rendered":"<p><a href=\"https:\/\/agora.xtec.cat\/ies-baix-montseny\/wp-content\/uploads\/usu1288\/2018\/08\/nou-curs.jpg\"><\/a><br \/>\nBenvolguts pares, mares i\/o tutors legals,<br \/>\nCom ja sabeu, el proper dimecres 12 de setembre (alumnat d\u2019ESO) i divendres 14 de setembre (alumnat de Batxillerat i Cicles Formatius) comen\u00e7a el nou curs 2018-2019. El primer dia el dedicarem a fer la presentaci\u00f3 del curs i&hellip;  <a href=\"https:\/\/agora.xtec.cat\/ies-baix-montseny\/general\/inici-de-curs\/\" title=\"Read INICI DE CURS\">Llegeix m\u00e9s\u00bb<\/a><\/p>\n","protected":false},"author":7,"featured_media":1792,"comment_status":"open","ping_status":"closed","sticky":false,"template":"","format":"standard","meta":{"_bbp_topic_count":0,"_bbp_reply_count":0,"_bbp_total_topic_count":0,"_bbp_total_reply_count":0,"_bbp_voice_count":0,"_bbp_anonymous_reply_count":0,"_bbp_topic_count_hidden":0,"_bbp_reply_count_hidden":0,"_bbp_forum_subforum_count":0,"footnotes":""},"categories":[64,8,30,3,1,29],"tags":[],"class_list":["post-1791","post","type-post","status-publish","format-standard","has-post-thumbnail","hentry","category-activitats","category-batxillerat","category-cicles-formatius","category-eso","category-general","category-portada"],"post_mailing_queue_ids":[],"_links":{"self":[{"href":"https:\/\/agora.xtec.cat\/ies-baix-montseny\/wp-json\/wp\/v2\/posts\/1791","targetHints":{"allow":["GET"]}}],"collection":[{"href":"https:\/\/agora.xtec.cat\/ies-baix-montseny\/wp-json\/wp\/v2\/posts"}],"about":[{"href":"https:\/\/agora.xtec.cat\/ies-baix-montseny\/wp-json\/wp\/v2\/types\/post"}],"author":[{"embeddable":true,"href":"https:\/\/agora.xtec.cat\/ies-baix-montseny\/wp-json\/wp\/v2\/users\/7"}],"replies":[{"embeddable":true,"href":"https:\/\/agora.xtec.cat\/ies-baix-montseny\/wp-json\/wp\/v2\/comments?post=1791"}],"version-history":[{"count":1,"href":"https:\/\/agora.xtec.cat\/ies-baix-montseny\/wp-json\/wp\/v2\/posts\/1791\/revisions"}],"predecessor-version":[{"id":1793,"href":"https:\/\/agora.xtec.cat\/ies-baix-montseny\/wp-json\/wp\/v2\/posts\/1791\/revisions\/1793"}],"wp:featuredmedia":[{"embeddable":true,"href":"https:\/\/agora.xtec.cat\/ies-baix-montseny\/wp-json\/wp\/v2\/media\/1792"}],"wp:attachment":[{"href":"https:\/\/agora.xtec.cat\/ies-baix-montseny\/wp-json\/wp\/v2\/media?parent=1791"}],"wp:term":[{"taxonomy":"category","embeddable":true,"href":"https:\/\/agora.xtec.cat\/ies-baix-montseny\/wp-json\/wp\/v2\/categories?post=1791"},{"taxonomy":"post_tag","embeddable":true,"href":"https:\/\/agora.xtec.cat\/ies-baix-montseny\/wp-json\/wp\/v2\/tags?post=1791"}],"curies":[{"name":"wp","href":"https:\/\/api.w.org\/{rel}","templated":true}]}}