{"id":1787,"date":"2018-08-31T10:45:52","date_gmt":"2018-08-31T08:45:52","guid":{"rendered":"http:\/\/agora.xtec.cat\/ies-baix-montseny\/?p=1787"},"modified":"2018-08-31T10:46:31","modified_gmt":"2018-08-31T08:46:31","slug":"horari-examens-de-recuperacio-i-entrega-de-notes","status":"publish","type":"post","link":"https:\/\/agora.xtec.cat\/ies-baix-montseny\/general\/horari-examens-de-recuperacio-i-entrega-de-notes\/","title":{"rendered":"HORARIS EX\u00c0MENS DE RECUPERACI\u00d3 I ENTREGA DE NOTES"},"content":{"rendered":"<p>Al seg\u00fcent document teniu l\u2019horari i les aules de les proves extraordin\u00e0ries de setembre 2018:<\/p>\n<p><a href=\"https:\/\/agora.xtec.cat\/ies-baix-montseny\/wp-content\/uploads\/usu1288\/2018\/08\/HORARIS-RECUPERACI\u00d3-SETEMBRE-17-18.pdf\">HORARIS RECUPERACI\u00d3 SETEMBRE 17-18<\/a><\/p>\n<p style=\"font-weight: 400;\">Recordem tamb\u00e9 que el proper 5 i 6 de setembre a l\u2019Institut es far\u00e0 el lliurament de les\u00a0notes\u00a0de l\u2019avaluaci\u00f3 extraordin\u00e0ria en el seg\u00fcent horari:<\/p>\n<table style=\"font-weight: 400;\">\n<tbody>\n<tr>\n<td width=\"288\"><strong>Dimecres 5 (a les 14 hores)<\/strong><\/td>\n<td width=\"288\"><strong>Dijous 6 (a les 15 hores)<\/strong><\/td>\n<\/tr>\n<tr>\n<td width=\"288\">4t d\u2019ESO i 1r BAT<\/td>\n<td width=\"288\">1r, 2n i 3r d\u2019ESO<\/td>\n<\/tr>\n<\/tbody>\n<\/table>\n","protected":false},"excerpt":{"rendered":"<p>Al seg\u00fcent document teniu l\u2019horari i les aules de les proves extraordin\u00e0ries de setembre 2018:<br \/>\n<a href=\"https:\/\/agora.xtec.cat\/ies-baix-montseny\/wp-content\/uploads\/usu1288\/2018\/08\/HORARIS-RECUPERACI\u00d3-SETEMBRE-17-18.pdf\">HORARIS RECUPERACI\u00d3 SETEMBRE 17-18<\/a><br \/>\nRecordem tamb\u00e9 que el proper 5 i 6 de setembre a l\u2019Institut es far\u00e0 el lliurament de les\u00a0notes\u00a0de l\u2019avaluaci\u00f3 extraordin\u00e0ria en el seg\u00fcent horari:<\/p>\n<p>Dimecres 5 (a les&hellip;  <a href=\"https:\/\/agora.xtec.cat\/ies-baix-montseny\/general\/horari-examens-de-recuperacio-i-entrega-de-notes\/\" title=\"Read HORARIS EX\u00c0MENS DE RECUPERACI\u00d3 I ENTREGA DE NOTES\">Llegeix m\u00e9s\u00bb<\/a><\/p>\n","protected":false},"author":7,"featured_media":0,"comment_status":"open","ping_status":"closed","sticky":false,"template":"","format":"standard","meta":{"_bbp_topic_count":0,"_bbp_reply_count":0,"_bbp_total_topic_count":0,"_bbp_total_reply_count":0,"_bbp_voice_count":0,"_bbp_anonymous_reply_count":0,"_bbp_topic_count_hidden":0,"_bbp_reply_count_hidden":0,"_bbp_forum_subforum_count":0,"footnotes":""},"categories":[64,1,29],"tags":[],"class_list":["post-1787","post","type-post","status-publish","format-standard","hentry","category-activitats","category-general","category-portada"],"post_mailing_queue_ids":[],"_links":{"self":[{"href":"https:\/\/agora.xtec.cat\/ies-baix-montseny\/wp-json\/wp\/v2\/posts\/1787","targetHints":{"allow":["GET"]}}],"collection":[{"href":"https:\/\/agora.xtec.cat\/ies-baix-montseny\/wp-json\/wp\/v2\/posts"}],"about":[{"href":"https:\/\/agora.xtec.cat\/ies-baix-montseny\/wp-json\/wp\/v2\/types\/post"}],"author":[{"embeddable":true,"href":"https:\/\/agora.xtec.cat\/ies-baix-montseny\/wp-json\/wp\/v2\/users\/7"}],"replies":[{"embeddable":true,"href":"https:\/\/agora.xtec.cat\/ies-baix-montseny\/wp-json\/wp\/v2\/comments?post=1787"}],"version-history":[{"count":2,"href":"https:\/\/agora.xtec.cat\/ies-baix-montseny\/wp-json\/wp\/v2\/posts\/1787\/revisions"}],"predecessor-version":[{"id":1790,"href":"https:\/\/agora.xtec.cat\/ies-baix-montseny\/wp-json\/wp\/v2\/posts\/1787\/revisions\/1790"}],"wp:attachment":[{"href":"https:\/\/agora.xtec.cat\/ies-baix-montseny\/wp-json\/wp\/v2\/media?parent=1787"}],"wp:term":[{"taxonomy":"category","embeddable":true,"href":"https:\/\/agora.xtec.cat\/ies-baix-montseny\/wp-json\/wp\/v2\/categories?post=1787"},{"taxonomy":"post_tag","embeddable":true,"href":"https:\/\/agora.xtec.cat\/ies-baix-montseny\/wp-json\/wp\/v2\/tags?post=1787"}],"curies":[{"name":"wp","href":"https:\/\/api.w.org\/{rel}","templated":true}]}}