{"id":1772,"date":"2018-07-02T14:46:29","date_gmt":"2018-07-02T12:46:29","guid":{"rendered":"http:\/\/agora.xtec.cat\/ies-baix-montseny\/?p=1772"},"modified":"2018-07-02T14:46:29","modified_gmt":"2018-07-02T12:46:29","slug":"la-millor-nota-del-valles-a-la-selectivitat","status":"publish","type":"post","link":"https:\/\/agora.xtec.cat\/ies-baix-montseny\/general\/la-millor-nota-del-valles-a-la-selectivitat\/","title":{"rendered":"LA MILLOR NOTA DEL VALL\u00c8S A LA SELECTIVITAT"},"content":{"rendered":"<div>Tal com surt publicat avui a EL 9 NOU, felicitem la Marina Segura, alumna de 2n de batxillerat, per la nota obtinguda a la fase general de la selectivitat, un 9,7. Que, juntament amb l&#8217;altra alumna de Granollers, es converteix en la millor nota de la comarca.<\/div>\n<div><\/div>\n<div>La Marina ha demostrat ser una alumna brillant i una persona excel\u00b7lent en els dos cursos que ha estat a l&#8217;Institut Baix Montseny. Nom\u00e9s ens resta desitjar-li molta sort en la nova etapa com estudiant que tot just ara comen\u00e7a dins el m\u00f3n universitari i continuar creixent i formant-se en molts altres camps.<\/div>\n<div><\/div>\n<div><a href=\"http:\/\/agora.xtec.cat\/ies-baix-montseny\/wp-content\/uploads\/usu1288\/2018\/07\/Primera-plana-EL-9-NOU-02_07_18-Vall\u00e8s-001.jpg\"><img loading=\"lazy\" decoding=\"async\" class=\"alignnone size-large wp-image-1773\" src=\"http:\/\/agora.xtec.cat\/ies-baix-montseny\/wp-content\/uploads\/usu1288\/2018\/07\/Primera-plana-EL-9-NOU-02_07_18-Vall\u00e8s-001-717x1024.jpg\" alt=\"\" width=\"717\" height=\"1024\" srcset=\"https:\/\/agora.xtec.cat\/ies-baix-montseny\/wp-content\/uploads\/usu1288\/2018\/07\/Primera-plana-EL-9-NOU-02_07_18-Vall\u00e8s-001-717x1024.jpg 717w, https:\/\/agora.xtec.cat\/ies-baix-montseny\/wp-content\/uploads\/usu1288\/2018\/07\/Primera-plana-EL-9-NOU-02_07_18-Vall\u00e8s-001-210x300.jpg 210w, https:\/\/agora.xtec.cat\/ies-baix-montseny\/wp-content\/uploads\/usu1288\/2018\/07\/Primera-plana-EL-9-NOU-02_07_18-Vall\u00e8s-001-768x1098.jpg 768w, https:\/\/agora.xtec.cat\/ies-baix-montseny\/wp-content\/uploads\/usu1288\/2018\/07\/Primera-plana-EL-9-NOU-02_07_18-Vall\u00e8s-001.jpg 1678w\" sizes=\"auto, (max-width: 717px) 100vw, 717px\" \/><\/a><\/div>\n","protected":false},"excerpt":{"rendered":"<p>Tal com surt publicat avui a EL 9 NOU, felicitem la Marina Segura, alumna de 2n de batxillerat, per la nota obtinguda a la fase general de la selectivitat, un 9,7. Que, juntament amb l&#8217;altra alumna de Granollers, es converteix en la millor nota de&hellip;  <a href=\"https:\/\/agora.xtec.cat\/ies-baix-montseny\/general\/la-millor-nota-del-valles-a-la-selectivitat\/\" title=\"Read LA MILLOR NOTA DEL VALL\u00c8S A LA SELECTIVITAT\">Llegeix m\u00e9s\u00bb<\/a><\/p>\n","protected":false},"author":7,"featured_media":1773,"comment_status":"open","ping_status":"closed","sticky":false,"template":"","format":"standard","meta":{"_bbp_topic_count":0,"_bbp_reply_count":0,"_bbp_total_topic_count":0,"_bbp_total_reply_count":0,"_bbp_voice_count":0,"_bbp_anonymous_reply_count":0,"_bbp_topic_count_hidden":0,"_bbp_reply_count_hidden":0,"_bbp_forum_subforum_count":0,"footnotes":""},"categories":[64,8,1,29],"tags":[],"class_list":["post-1772","post","type-post","status-publish","format-standard","has-post-thumbnail","hentry","category-activitats","category-batxillerat","category-general","category-portada"],"post_mailing_queue_ids":[],"_links":{"self":[{"href":"https:\/\/agora.xtec.cat\/ies-baix-montseny\/wp-json\/wp\/v2\/posts\/1772","targetHints":{"allow":["GET"]}}],"collection":[{"href":"https:\/\/agora.xtec.cat\/ies-baix-montseny\/wp-json\/wp\/v2\/posts"}],"about":[{"href":"https:\/\/agora.xtec.cat\/ies-baix-montseny\/wp-json\/wp\/v2\/types\/post"}],"author":[{"embeddable":true,"href":"https:\/\/agora.xtec.cat\/ies-baix-montseny\/wp-json\/wp\/v2\/users\/7"}],"replies":[{"embeddable":true,"href":"https:\/\/agora.xtec.cat\/ies-baix-montseny\/wp-json\/wp\/v2\/comments?post=1772"}],"version-history":[{"count":1,"href":"https:\/\/agora.xtec.cat\/ies-baix-montseny\/wp-json\/wp\/v2\/posts\/1772\/revisions"}],"predecessor-version":[{"id":1774,"href":"https:\/\/agora.xtec.cat\/ies-baix-montseny\/wp-json\/wp\/v2\/posts\/1772\/revisions\/1774"}],"wp:featuredmedia":[{"embeddable":true,"href":"https:\/\/agora.xtec.cat\/ies-baix-montseny\/wp-json\/wp\/v2\/media\/1773"}],"wp:attachment":[{"href":"https:\/\/agora.xtec.cat\/ies-baix-montseny\/wp-json\/wp\/v2\/media?parent=1772"}],"wp:term":[{"taxonomy":"category","embeddable":true,"href":"https:\/\/agora.xtec.cat\/ies-baix-montseny\/wp-json\/wp\/v2\/categories?post=1772"},{"taxonomy":"post_tag","embeddable":true,"href":"https:\/\/agora.xtec.cat\/ies-baix-montseny\/wp-json\/wp\/v2\/tags?post=1772"}],"curies":[{"name":"wp","href":"https:\/\/api.w.org\/{rel}","templated":true}]}}