{"id":1765,"date":"2018-07-02T10:12:27","date_gmt":"2018-07-02T08:12:27","guid":{"rendered":"http:\/\/agora.xtec.cat\/ies-baix-montseny\/?p=1765"},"modified":"2018-07-02T10:12:27","modified_gmt":"2018-07-02T08:12:27","slug":"concurs-cartells","status":"publish","type":"post","link":"https:\/\/agora.xtec.cat\/ies-baix-montseny\/general\/concurs-cartells\/","title":{"rendered":"CONCURS CARTELLS"},"content":{"rendered":"<p>At\u00e8s que hi ha talent entre l&#8217;alumnat i professorat d&#8217;ensenyaments art\u00edstics, el Centre de Recursos Pedag\u00f2gics del Vall\u00e8s Oriental III, \u00a0us encoratja \u00a0a presentar-vos en aquest concurs de cartells\u00a0que convoca la FCRi \u00a0(la Fundaci\u00f3\u00a0Catalana per a la Recerca i la Innovaci\u00f3).<\/p>\n<p>L\u2019obra guanyadora ser\u00e0 la imatge de la Setmana de la Ci\u00e8ncia 2018 i ser\u00e0\u00a0premiada amb 1.000 \u20ac. El\u00a0termini m\u00e0xim\u00a0de presentaci\u00f3 ser\u00e0 el proper dia\u00a012 de setembre.<\/p>\n<p>&nbsp;<\/p>\n<p>M\u00e9s informaci\u00f3 a\u00a0<a href=\"https:\/\/setmanaciencia.fundaciorecerca.cat\/frontend\">https:\/\/setmanaciencia.fundaciorecerca.cat\/frontend<\/a><\/p>\n<p><a href=\"http:\/\/agora.xtec.cat\/ies-baix-montseny\/wp-content\/uploads\/usu1288\/2018\/07\/SC18_Slider_FundacioRecerca_FCRi.png\"><img loading=\"lazy\" decoding=\"async\" class=\"alignnone size-full wp-image-1766\" src=\"http:\/\/agora.xtec.cat\/ies-baix-montseny\/wp-content\/uploads\/usu1288\/2018\/07\/SC18_Slider_FundacioRecerca_FCRi.png\" alt=\"\" width=\"981\" height=\"481\" srcset=\"https:\/\/agora.xtec.cat\/ies-baix-montseny\/wp-content\/uploads\/usu1288\/2018\/07\/SC18_Slider_FundacioRecerca_FCRi.png 981w, https:\/\/agora.xtec.cat\/ies-baix-montseny\/wp-content\/uploads\/usu1288\/2018\/07\/SC18_Slider_FundacioRecerca_FCRi-300x147.png 300w, https:\/\/agora.xtec.cat\/ies-baix-montseny\/wp-content\/uploads\/usu1288\/2018\/07\/SC18_Slider_FundacioRecerca_FCRi-768x377.png 768w\" sizes=\"auto, (max-width: 981px) 100vw, 981px\" \/><\/a><\/p>\n","protected":false},"excerpt":{"rendered":"<p>At\u00e8s que hi ha talent entre l&#8217;alumnat i professorat d&#8217;ensenyaments art\u00edstics, el Centre de Recursos Pedag\u00f2gics del Vall\u00e8s Oriental III, \u00a0us encoratja \u00a0a presentar-vos en aquest concurs de cartells\u00a0que convoca la FCRi \u00a0(la Fundaci\u00f3\u00a0Catalana per a la Recerca i la Innovaci\u00f3).<br \/>\nL\u2019obra guanyadora ser\u00e0 la imatge&hellip;  <a href=\"https:\/\/agora.xtec.cat\/ies-baix-montseny\/general\/concurs-cartells\/\" title=\"Read CONCURS CARTELLS\">Llegeix m\u00e9s\u00bb<\/a><\/p>\n","protected":false},"author":7,"featured_media":1766,"comment_status":"open","ping_status":"closed","sticky":false,"template":"","format":"standard","meta":{"_bbp_topic_count":0,"_bbp_reply_count":0,"_bbp_total_topic_count":0,"_bbp_total_reply_count":0,"_bbp_voice_count":0,"_bbp_anonymous_reply_count":0,"_bbp_topic_count_hidden":0,"_bbp_reply_count_hidden":0,"_bbp_forum_subforum_count":0,"footnotes":""},"categories":[1,29],"tags":[],"class_list":["post-1765","post","type-post","status-publish","format-standard","has-post-thumbnail","hentry","category-general","category-portada"],"post_mailing_queue_ids":[],"_links":{"self":[{"href":"https:\/\/agora.xtec.cat\/ies-baix-montseny\/wp-json\/wp\/v2\/posts\/1765","targetHints":{"allow":["GET"]}}],"collection":[{"href":"https:\/\/agora.xtec.cat\/ies-baix-montseny\/wp-json\/wp\/v2\/posts"}],"about":[{"href":"https:\/\/agora.xtec.cat\/ies-baix-montseny\/wp-json\/wp\/v2\/types\/post"}],"author":[{"embeddable":true,"href":"https:\/\/agora.xtec.cat\/ies-baix-montseny\/wp-json\/wp\/v2\/users\/7"}],"replies":[{"embeddable":true,"href":"https:\/\/agora.xtec.cat\/ies-baix-montseny\/wp-json\/wp\/v2\/comments?post=1765"}],"version-history":[{"count":1,"href":"https:\/\/agora.xtec.cat\/ies-baix-montseny\/wp-json\/wp\/v2\/posts\/1765\/revisions"}],"predecessor-version":[{"id":1767,"href":"https:\/\/agora.xtec.cat\/ies-baix-montseny\/wp-json\/wp\/v2\/posts\/1765\/revisions\/1767"}],"wp:featuredmedia":[{"embeddable":true,"href":"https:\/\/agora.xtec.cat\/ies-baix-montseny\/wp-json\/wp\/v2\/media\/1766"}],"wp:attachment":[{"href":"https:\/\/agora.xtec.cat\/ies-baix-montseny\/wp-json\/wp\/v2\/media?parent=1765"}],"wp:term":[{"taxonomy":"category","embeddable":true,"href":"https:\/\/agora.xtec.cat\/ies-baix-montseny\/wp-json\/wp\/v2\/categories?post=1765"},{"taxonomy":"post_tag","embeddable":true,"href":"https:\/\/agora.xtec.cat\/ies-baix-montseny\/wp-json\/wp\/v2\/tags?post=1765"}],"curies":[{"name":"wp","href":"https:\/\/api.w.org\/{rel}","templated":true}]}}