{"id":1755,"date":"2018-06-18T13:54:56","date_gmt":"2018-06-18T11:54:56","guid":{"rendered":"http:\/\/agora.xtec.cat\/ies-baix-montseny\/?p=1755"},"modified":"2018-06-18T13:54:56","modified_gmt":"2018-06-18T11:54:56","slug":"inauguracio-edifici-de-cicles-formatius","status":"publish","type":"post","link":"https:\/\/agora.xtec.cat\/ies-baix-montseny\/general\/inauguracio-edifici-de-cicles-formatius\/","title":{"rendered":"INAUGURACI\u00d3 EDIFICI DE CICLES FORMATIUS"},"content":{"rendered":"<p>Aquest divendres v\u00e0rem inaugurar les dues noves instal\u00b7lacions educatives, que aquest curs 2017-18 havien entrat en funcionament: l\u2019Escola Soler de Vilardell i l\u2019edifici d\u2019FP de l\u2019Institut Baix Montseny. Alhora tamb\u00e9 es va inaugurar els nous espasis que hi donen l\u2019acc\u00e9s, i que es van batejar mitjan\u00e7ant un proc\u00e9s participatiu popular: la pla\u00e7a Muriel Casals i el carrer de la Srta. Rosita.<\/p>\n<p>L\u2019Acte d\u2019inauguraci\u00f3 va comptar amb la pres\u00e8ncia del MH President de la Generalitat, Quim Torra.<\/p>\n<p>A continuaci\u00f3 us deixem un link de la not\u00edcia completa:<\/p>\n<p><a href=\"https:\/\/www.naciodigital.cat\/baixmontseny\/noticies\/etiqueta\/Soler+de+Vilardell\">https:\/\/www.naciodigital.cat\/baixmontseny\/noticies\/etiqueta\/Soler+de+Vilardell<\/a><\/p>\n<p><a href=\"http:\/\/agora.xtec.cat\/ies-baix-montseny\/wp-content\/uploads\/usu1288\/2018\/06\/IMG-20180618-WA0014.jpg\"><img loading=\"lazy\" decoding=\"async\" class=\"alignnone size-large wp-image-1756\" src=\"http:\/\/agora.xtec.cat\/ies-baix-montseny\/wp-content\/uploads\/usu1288\/2018\/06\/IMG-20180618-WA0014-1024x768.jpg\" alt=\"\" width=\"1024\" height=\"768\" srcset=\"https:\/\/agora.xtec.cat\/ies-baix-montseny\/wp-content\/uploads\/usu1288\/2018\/06\/IMG-20180618-WA0014-1024x768.jpg 1024w, https:\/\/agora.xtec.cat\/ies-baix-montseny\/wp-content\/uploads\/usu1288\/2018\/06\/IMG-20180618-WA0014-300x225.jpg 300w, https:\/\/agora.xtec.cat\/ies-baix-montseny\/wp-content\/uploads\/usu1288\/2018\/06\/IMG-20180618-WA0014-768x576.jpg 768w, https:\/\/agora.xtec.cat\/ies-baix-montseny\/wp-content\/uploads\/usu1288\/2018\/06\/IMG-20180618-WA0014-200x150.jpg 200w, https:\/\/agora.xtec.cat\/ies-baix-montseny\/wp-content\/uploads\/usu1288\/2018\/06\/IMG-20180618-WA0014.jpg 1599w\" sizes=\"auto, (max-width: 1024px) 100vw, 1024px\" \/><\/a><\/p>\n","protected":false},"excerpt":{"rendered":"<p>Aquest divendres v\u00e0rem inaugurar les dues noves instal\u00b7lacions educatives, que aquest curs 2017-18 havien entrat en funcionament: l\u2019Escola Soler de Vilardell i l\u2019edifici d\u2019FP de l\u2019Institut Baix Montseny. Alhora tamb\u00e9 es va inaugurar els nous espasis que hi donen l\u2019acc\u00e9s, i que es van batejar&hellip;  <a href=\"https:\/\/agora.xtec.cat\/ies-baix-montseny\/general\/inauguracio-edifici-de-cicles-formatius\/\" title=\"Read INAUGURACI\u00d3 EDIFICI DE CICLES FORMATIUS\">Llegeix m\u00e9s\u00bb<\/a><\/p>\n","protected":false},"author":7,"featured_media":1756,"comment_status":"open","ping_status":"closed","sticky":false,"template":"","format":"standard","meta":{"_bbp_topic_count":0,"_bbp_reply_count":0,"_bbp_total_topic_count":0,"_bbp_total_reply_count":0,"_bbp_voice_count":0,"_bbp_anonymous_reply_count":0,"_bbp_topic_count_hidden":0,"_bbp_reply_count_hidden":0,"_bbp_forum_subforum_count":0,"footnotes":""},"categories":[1,29],"tags":[],"class_list":["post-1755","post","type-post","status-publish","format-standard","has-post-thumbnail","hentry","category-general","category-portada"],"post_mailing_queue_ids":[],"_links":{"self":[{"href":"https:\/\/agora.xtec.cat\/ies-baix-montseny\/wp-json\/wp\/v2\/posts\/1755","targetHints":{"allow":["GET"]}}],"collection":[{"href":"https:\/\/agora.xtec.cat\/ies-baix-montseny\/wp-json\/wp\/v2\/posts"}],"about":[{"href":"https:\/\/agora.xtec.cat\/ies-baix-montseny\/wp-json\/wp\/v2\/types\/post"}],"author":[{"embeddable":true,"href":"https:\/\/agora.xtec.cat\/ies-baix-montseny\/wp-json\/wp\/v2\/users\/7"}],"replies":[{"embeddable":true,"href":"https:\/\/agora.xtec.cat\/ies-baix-montseny\/wp-json\/wp\/v2\/comments?post=1755"}],"version-history":[{"count":1,"href":"https:\/\/agora.xtec.cat\/ies-baix-montseny\/wp-json\/wp\/v2\/posts\/1755\/revisions"}],"predecessor-version":[{"id":1757,"href":"https:\/\/agora.xtec.cat\/ies-baix-montseny\/wp-json\/wp\/v2\/posts\/1755\/revisions\/1757"}],"wp:featuredmedia":[{"embeddable":true,"href":"https:\/\/agora.xtec.cat\/ies-baix-montseny\/wp-json\/wp\/v2\/media\/1756"}],"wp:attachment":[{"href":"https:\/\/agora.xtec.cat\/ies-baix-montseny\/wp-json\/wp\/v2\/media?parent=1755"}],"wp:term":[{"taxonomy":"category","embeddable":true,"href":"https:\/\/agora.xtec.cat\/ies-baix-montseny\/wp-json\/wp\/v2\/categories?post=1755"},{"taxonomy":"post_tag","embeddable":true,"href":"https:\/\/agora.xtec.cat\/ies-baix-montseny\/wp-json\/wp\/v2\/tags?post=1755"}],"curies":[{"name":"wp","href":"https:\/\/api.w.org\/{rel}","templated":true}]}}