{"id":1752,"date":"2018-06-18T12:52:11","date_gmt":"2018-06-18T10:52:11","guid":{"rendered":"http:\/\/agora.xtec.cat\/ies-baix-montseny\/?p=1752"},"modified":"2018-06-18T12:52:11","modified_gmt":"2018-06-18T10:52:11","slug":"viatge-4t-deso","status":"publish","type":"post","link":"https:\/\/agora.xtec.cat\/ies-baix-montseny\/general\/viatge-4t-deso\/","title":{"rendered":"VIATGE 4T D&#8217;ESO"},"content":{"rendered":"<div class=\"\" data-block=\"true\" data-editor=\"8giur\" data-offset-key=\"21ddh-0-0\">\n<div class=\"_1mf _1mj\" data-offset-key=\"21ddh-0-0\"><span data-offset-key=\"21ddh-0-0\">Avui els alumnes de 4t d&#8217;ESO faran activitats de caiacs i planxes.<\/span><\/div>\n<\/div>\n<div class=\"\" data-block=\"true\" data-editor=\"8giur\" data-offset-key=\"3ga67-0-0\">\n<div class=\"_1mf _1mj\" data-offset-key=\"3ga67-0-0\"><span data-offset-key=\"3ga67-0-0\">Tot est\u00e0 anant molt b\u00e9 i s&#8217;estan portant s\u00faper b\u00e9!<\/span><\/div>\n<\/div>\n<div class=\"\" data-block=\"true\" data-editor=\"8giur\" data-offset-key=\"c3ncn-0-0\">\n<div class=\"_1mf _1mj\" data-offset-key=\"c3ncn-0-0\"><span data-offset-key=\"c3ncn-0-0\">Fa molt bon temps!<\/span><\/div>\n<div class=\"_1mf _1mj\" data-offset-key=\"c3ncn-0-0\"><a href=\"http:\/\/agora.xtec.cat\/ies-baix-montseny\/wp-content\/uploads\/usu1288\/2018\/06\/IMG-20180618-WA0002.jpg\"><img loading=\"lazy\" decoding=\"async\" class=\"alignnone size-large wp-image-1753\" src=\"http:\/\/agora.xtec.cat\/ies-baix-montseny\/wp-content\/uploads\/usu1288\/2018\/06\/IMG-20180618-WA0002-768x1024.jpg\" alt=\"\" width=\"768\" height=\"1024\" srcset=\"https:\/\/agora.xtec.cat\/ies-baix-montseny\/wp-content\/uploads\/usu1288\/2018\/06\/IMG-20180618-WA0002-768x1024.jpg 768w, https:\/\/agora.xtec.cat\/ies-baix-montseny\/wp-content\/uploads\/usu1288\/2018\/06\/IMG-20180618-WA0002-225x300.jpg 225w, https:\/\/agora.xtec.cat\/ies-baix-montseny\/wp-content\/uploads\/usu1288\/2018\/06\/IMG-20180618-WA0002.jpg 1200w\" sizes=\"auto, (max-width: 768px) 100vw, 768px\" \/><\/a><\/div>\n<\/div>\n","protected":false},"excerpt":{"rendered":"<p>Avui els alumnes de 4t d&#8217;ESO faran activitats de caiacs i planxes.<\/p>\n<p>Tot est\u00e0 anant molt b\u00e9 i s&#8217;estan portant s\u00faper b\u00e9!<\/p>\n<p>Fa molt bon temps!<br \/>\n<a href=\"http:\/\/agora.xtec.cat\/ies-baix-montseny\/wp-content\/uploads\/usu1288\/2018\/06\/IMG-20180618-WA0002.jpg\"><\/a><\/p>\n","protected":false},"author":7,"featured_media":1753,"comment_status":"open","ping_status":"closed","sticky":false,"template":"","format":"standard","meta":{"_bbp_topic_count":0,"_bbp_reply_count":0,"_bbp_total_topic_count":0,"_bbp_total_reply_count":0,"_bbp_voice_count":0,"_bbp_anonymous_reply_count":0,"_bbp_topic_count_hidden":0,"_bbp_reply_count_hidden":0,"_bbp_forum_subforum_count":0,"footnotes":""},"categories":[7,64,3,1,29,66],"tags":[],"class_list":["post-1752","post","type-post","status-publish","format-standard","has-post-thumbnail","hentry","category-eso-4","category-activitats","category-eso","category-general","category-portada","category-viatge-de-final-de-curs-de-4t"],"post_mailing_queue_ids":[],"_links":{"self":[{"href":"https:\/\/agora.xtec.cat\/ies-baix-montseny\/wp-json\/wp\/v2\/posts\/1752","targetHints":{"allow":["GET"]}}],"collection":[{"href":"https:\/\/agora.xtec.cat\/ies-baix-montseny\/wp-json\/wp\/v2\/posts"}],"about":[{"href":"https:\/\/agora.xtec.cat\/ies-baix-montseny\/wp-json\/wp\/v2\/types\/post"}],"author":[{"embeddable":true,"href":"https:\/\/agora.xtec.cat\/ies-baix-montseny\/wp-json\/wp\/v2\/users\/7"}],"replies":[{"embeddable":true,"href":"https:\/\/agora.xtec.cat\/ies-baix-montseny\/wp-json\/wp\/v2\/comments?post=1752"}],"version-history":[{"count":1,"href":"https:\/\/agora.xtec.cat\/ies-baix-montseny\/wp-json\/wp\/v2\/posts\/1752\/revisions"}],"predecessor-version":[{"id":1754,"href":"https:\/\/agora.xtec.cat\/ies-baix-montseny\/wp-json\/wp\/v2\/posts\/1752\/revisions\/1754"}],"wp:featuredmedia":[{"embeddable":true,"href":"https:\/\/agora.xtec.cat\/ies-baix-montseny\/wp-json\/wp\/v2\/media\/1753"}],"wp:attachment":[{"href":"https:\/\/agora.xtec.cat\/ies-baix-montseny\/wp-json\/wp\/v2\/media?parent=1752"}],"wp:term":[{"taxonomy":"category","embeddable":true,"href":"https:\/\/agora.xtec.cat\/ies-baix-montseny\/wp-json\/wp\/v2\/categories?post=1752"},{"taxonomy":"post_tag","embeddable":true,"href":"https:\/\/agora.xtec.cat\/ies-baix-montseny\/wp-json\/wp\/v2\/tags?post=1752"}],"curies":[{"name":"wp","href":"https:\/\/api.w.org\/{rel}","templated":true}]}}