{"id":1736,"date":"2018-06-15T13:54:12","date_gmt":"2018-06-15T11:54:12","guid":{"rendered":"http:\/\/agora.xtec.cat\/ies-baix-montseny\/?p=1736"},"modified":"2018-06-15T13:54:12","modified_gmt":"2018-06-15T11:54:12","slug":"graduacio-4t-deso","status":"publish","type":"post","link":"https:\/\/agora.xtec.cat\/ies-baix-montseny\/general\/graduacio-4t-deso\/","title":{"rendered":"GRADUACI\u00d3 4T D&#8217;ESO"},"content":{"rendered":"<p>Arriba el final de curs i anem tancant etapes. Ahir per la tarda vam tenir la\u00a0<span style=\"font-style: inherit;\">graduaci\u00f3 dels alumnes de 4t d&#8217;ESO.<\/span><span style=\"font-style: inherit;\">\u00a0<\/span><span style=\"font-style: inherit;\">Ens vam trobar alumnes, professors i fam\u00edlies per donar gr\u00e0cies per l&#8217;etapa de l&#8217;Educaci\u00f3 Secund\u00e0ria. Va ser una tarda molt emotiva on es van mostrar talents, consells i compartir tot el viscut durant els anys de l&#8217;ESO.\u00a0<\/span><\/p>\n<p><span style=\"font-style: inherit;\">Volem agrair als tutors, Emilie,\u00a0Jordi, Cristina, Meri i Mireia que han preparat la festa. Els alumnes acaben l&#8217;etapa amb la motxilla ben carregada de records, gratitud i consells per afrontar l&#8217;\u00faltima etapa de l&#8217;escola. Com sempre, estarem al vostre costat acompanyant-nos i fent tot el possible per treure el m\u00e0xim dels vostres\u00a0talents\u00a0i que, per sobre de tot, sigueu\u00a0feli\u00e7os.<\/span><\/p>\n<p><a href=\"http:\/\/agora.xtec.cat\/ies-baix-montseny\/wp-content\/uploads\/usu1288\/2018\/06\/Graduaci\u00f3-4t.jpg\"><img loading=\"lazy\" decoding=\"async\" class=\"alignnone size-large wp-image-1738\" src=\"http:\/\/agora.xtec.cat\/ies-baix-montseny\/wp-content\/uploads\/usu1288\/2018\/06\/Graduaci\u00f3-4t-1024x1024.jpg\" alt=\"\" width=\"1024\" height=\"1024\" srcset=\"https:\/\/agora.xtec.cat\/ies-baix-montseny\/wp-content\/uploads\/usu1288\/2018\/06\/Graduaci\u00f3-4t-1024x1024.jpg 1024w, https:\/\/agora.xtec.cat\/ies-baix-montseny\/wp-content\/uploads\/usu1288\/2018\/06\/Graduaci\u00f3-4t-150x150.jpg 150w, https:\/\/agora.xtec.cat\/ies-baix-montseny\/wp-content\/uploads\/usu1288\/2018\/06\/Graduaci\u00f3-4t-300x300.jpg 300w, https:\/\/agora.xtec.cat\/ies-baix-montseny\/wp-content\/uploads\/usu1288\/2018\/06\/Graduaci\u00f3-4t-768x768.jpg 768w, https:\/\/agora.xtec.cat\/ies-baix-montseny\/wp-content\/uploads\/usu1288\/2018\/06\/Graduaci\u00f3-4t.jpg 1594w\" sizes=\"auto, (max-width: 1024px) 100vw, 1024px\" \/><\/a><\/p>\n","protected":false},"excerpt":{"rendered":"<p>Arriba el final de curs i anem tancant etapes. Ahir per la tarda vam tenir la\u00a0graduaci\u00f3 dels alumnes de 4t d&#8217;ESO.\u00a0Ens vam trobar alumnes, professors i fam\u00edlies per donar gr\u00e0cies per l&#8217;etapa de l&#8217;Educaci\u00f3 Secund\u00e0ria. Va ser una tarda molt emotiva on es van mostrar&hellip;  <a href=\"https:\/\/agora.xtec.cat\/ies-baix-montseny\/general\/graduacio-4t-deso\/\" title=\"Read GRADUACI\u00d3 4T D&#8217;ESO\">Llegeix m\u00e9s\u00bb<\/a><\/p>\n","protected":false},"author":7,"featured_media":1738,"comment_status":"open","ping_status":"closed","sticky":false,"template":"","format":"standard","meta":{"_bbp_topic_count":0,"_bbp_reply_count":0,"_bbp_total_topic_count":0,"_bbp_total_reply_count":0,"_bbp_voice_count":0,"_bbp_anonymous_reply_count":0,"_bbp_topic_count_hidden":0,"_bbp_reply_count_hidden":0,"_bbp_forum_subforum_count":0,"footnotes":""},"categories":[7,3,1,29],"tags":[],"class_list":["post-1736","post","type-post","status-publish","format-standard","has-post-thumbnail","hentry","category-eso-4","category-eso","category-general","category-portada"],"post_mailing_queue_ids":[],"_links":{"self":[{"href":"https:\/\/agora.xtec.cat\/ies-baix-montseny\/wp-json\/wp\/v2\/posts\/1736","targetHints":{"allow":["GET"]}}],"collection":[{"href":"https:\/\/agora.xtec.cat\/ies-baix-montseny\/wp-json\/wp\/v2\/posts"}],"about":[{"href":"https:\/\/agora.xtec.cat\/ies-baix-montseny\/wp-json\/wp\/v2\/types\/post"}],"author":[{"embeddable":true,"href":"https:\/\/agora.xtec.cat\/ies-baix-montseny\/wp-json\/wp\/v2\/users\/7"}],"replies":[{"embeddable":true,"href":"https:\/\/agora.xtec.cat\/ies-baix-montseny\/wp-json\/wp\/v2\/comments?post=1736"}],"version-history":[{"count":2,"href":"https:\/\/agora.xtec.cat\/ies-baix-montseny\/wp-json\/wp\/v2\/posts\/1736\/revisions"}],"predecessor-version":[{"id":1739,"href":"https:\/\/agora.xtec.cat\/ies-baix-montseny\/wp-json\/wp\/v2\/posts\/1736\/revisions\/1739"}],"wp:featuredmedia":[{"embeddable":true,"href":"https:\/\/agora.xtec.cat\/ies-baix-montseny\/wp-json\/wp\/v2\/media\/1738"}],"wp:attachment":[{"href":"https:\/\/agora.xtec.cat\/ies-baix-montseny\/wp-json\/wp\/v2\/media?parent=1736"}],"wp:term":[{"taxonomy":"category","embeddable":true,"href":"https:\/\/agora.xtec.cat\/ies-baix-montseny\/wp-json\/wp\/v2\/categories?post=1736"},{"taxonomy":"post_tag","embeddable":true,"href":"https:\/\/agora.xtec.cat\/ies-baix-montseny\/wp-json\/wp\/v2\/tags?post=1736"}],"curies":[{"name":"wp","href":"https:\/\/api.w.org\/{rel}","templated":true}]}}