{"id":1729,"date":"2018-06-14T12:35:35","date_gmt":"2018-06-14T10:35:35","guid":{"rendered":"http:\/\/agora.xtec.cat\/ies-baix-montseny\/?p=1729"},"modified":"2018-06-14T12:35:35","modified_gmt":"2018-06-14T10:35:35","slug":"xart","status":"publish","type":"post","link":"https:\/\/agora.xtec.cat\/ies-baix-montseny\/general\/xart\/","title":{"rendered":"XART"},"content":{"rendered":"<p>Dem\u00e0 a les 10 del mat\u00ed, els professors de Visual i Pl\u00e0stica juntament amb alguns alumnes de 1r a 4t d&#8217;ESO anirem a la 1a Trobada d&#8217;Instituts i Educaci\u00f3 Art\u00edstica a Llinars.<br \/>\nAll\u00e0 tots podrem fer una mostra dels treballs que hem fet relacionats amb la poesia Visual tot aprofitant que \u00e9s l&#8217;any Brossa.<br \/>\nDespr\u00e8s de l&#8217; inauguraci\u00f3 els alumnes faran activitats art\u00edstiques. Una bona oportunitat per poder intercanviar idees i compartir el gust per l&#8217;art.<\/p>\n<p><a href=\"http:\/\/agora.xtec.cat\/ies-baix-montseny\/wp-content\/uploads\/usu1288\/2018\/06\/IMG-20180614-WA0006.jpg\"><img loading=\"lazy\" decoding=\"async\" class=\"alignnone size-large wp-image-1730\" src=\"http:\/\/agora.xtec.cat\/ies-baix-montseny\/wp-content\/uploads\/usu1288\/2018\/06\/IMG-20180614-WA0006-724x1024.jpg\" alt=\"\" width=\"724\" height=\"1024\" srcset=\"https:\/\/agora.xtec.cat\/ies-baix-montseny\/wp-content\/uploads\/usu1288\/2018\/06\/IMG-20180614-WA0006-724x1024.jpg 724w, https:\/\/agora.xtec.cat\/ies-baix-montseny\/wp-content\/uploads\/usu1288\/2018\/06\/IMG-20180614-WA0006-212x300.jpg 212w, https:\/\/agora.xtec.cat\/ies-baix-montseny\/wp-content\/uploads\/usu1288\/2018\/06\/IMG-20180614-WA0006-768x1086.jpg 768w, https:\/\/agora.xtec.cat\/ies-baix-montseny\/wp-content\/uploads\/usu1288\/2018\/06\/IMG-20180614-WA0006.jpg 1131w\" sizes=\"auto, (max-width: 724px) 100vw, 724px\" \/><\/a><\/p>\n","protected":false},"excerpt":{"rendered":"<p>Dem\u00e0 a les 10 del mat\u00ed, els professors de Visual i Pl\u00e0stica juntament amb alguns alumnes de 1r a 4t d&#8217;ESO anirem a la 1a Trobada d&#8217;Instituts i Educaci\u00f3 Art\u00edstica a Llinars.<br \/>\nAll\u00e0 tots podrem fer una mostra dels treballs que hem fet relacionats amb la&hellip;  <a href=\"https:\/\/agora.xtec.cat\/ies-baix-montseny\/general\/xart\/\" title=\"Read XART\">Llegeix m\u00e9s\u00bb<\/a><\/p>\n","protected":false},"author":7,"featured_media":1730,"comment_status":"open","ping_status":"closed","sticky":false,"template":"","format":"standard","meta":{"_bbp_topic_count":0,"_bbp_reply_count":0,"_bbp_total_topic_count":0,"_bbp_total_reply_count":0,"_bbp_voice_count":0,"_bbp_anonymous_reply_count":0,"_bbp_topic_count_hidden":0,"_bbp_reply_count_hidden":0,"_bbp_forum_subforum_count":0,"footnotes":""},"categories":[64,3,1,29],"tags":[],"class_list":["post-1729","post","type-post","status-publish","format-standard","has-post-thumbnail","hentry","category-activitats","category-eso","category-general","category-portada"],"post_mailing_queue_ids":[],"_links":{"self":[{"href":"https:\/\/agora.xtec.cat\/ies-baix-montseny\/wp-json\/wp\/v2\/posts\/1729","targetHints":{"allow":["GET"]}}],"collection":[{"href":"https:\/\/agora.xtec.cat\/ies-baix-montseny\/wp-json\/wp\/v2\/posts"}],"about":[{"href":"https:\/\/agora.xtec.cat\/ies-baix-montseny\/wp-json\/wp\/v2\/types\/post"}],"author":[{"embeddable":true,"href":"https:\/\/agora.xtec.cat\/ies-baix-montseny\/wp-json\/wp\/v2\/users\/7"}],"replies":[{"embeddable":true,"href":"https:\/\/agora.xtec.cat\/ies-baix-montseny\/wp-json\/wp\/v2\/comments?post=1729"}],"version-history":[{"count":1,"href":"https:\/\/agora.xtec.cat\/ies-baix-montseny\/wp-json\/wp\/v2\/posts\/1729\/revisions"}],"predecessor-version":[{"id":1731,"href":"https:\/\/agora.xtec.cat\/ies-baix-montseny\/wp-json\/wp\/v2\/posts\/1729\/revisions\/1731"}],"wp:featuredmedia":[{"embeddable":true,"href":"https:\/\/agora.xtec.cat\/ies-baix-montseny\/wp-json\/wp\/v2\/media\/1730"}],"wp:attachment":[{"href":"https:\/\/agora.xtec.cat\/ies-baix-montseny\/wp-json\/wp\/v2\/media?parent=1729"}],"wp:term":[{"taxonomy":"category","embeddable":true,"href":"https:\/\/agora.xtec.cat\/ies-baix-montseny\/wp-json\/wp\/v2\/categories?post=1729"},{"taxonomy":"post_tag","embeddable":true,"href":"https:\/\/agora.xtec.cat\/ies-baix-montseny\/wp-json\/wp\/v2\/tags?post=1729"}],"curies":[{"name":"wp","href":"https:\/\/api.w.org\/{rel}","templated":true}]}}