{"id":1726,"date":"2018-06-14T12:24:25","date_gmt":"2018-06-14T10:24:25","guid":{"rendered":"http:\/\/agora.xtec.cat\/ies-baix-montseny\/?p=1726"},"modified":"2018-06-14T12:24:25","modified_gmt":"2018-06-14T10:24:25","slug":"selectivitat","status":"publish","type":"post","link":"https:\/\/agora.xtec.cat\/ies-baix-montseny\/general\/selectivitat\/","title":{"rendered":"SELECTIVITAT"},"content":{"rendered":"<div class=\"\" data-block=\"true\" data-editor=\"3n92g\" data-offset-key=\"3qvhl-0-0\"><\/div>\n<div class=\"\" data-block=\"true\" data-editor=\"3n92g\" data-offset-key=\"941gr-0-0\"><\/div>\n<div class=\"\" data-block=\"true\" data-editor=\"3n92g\" data-offset-key=\"4o7rg-0-0\">\n<div class=\"_1mf _1mj\" data-offset-key=\"4o7rg-0-0\"><span data-offset-key=\"4o7rg-0-0\">El tercer dia dels ex\u00e0mens de selectivitat, aquest dijous, posar\u00e0 el punt i final a les PAU 2018.<\/span><\/div>\n<\/div>\n<div class=\"\" data-block=\"true\" data-editor=\"3n92g\" data-offset-key=\"4nd94-0-0\">\n<div class=\"_1mf _1mj\" data-offset-key=\"4nd94-0-0\"><span data-offset-key=\"4nd94-0-0\">\u00a0<\/span><\/div>\n<\/div>\n<div class=\"\" data-block=\"true\" data-editor=\"3n92g\" data-offset-key=\"9vnat-0-0\">\n<div class=\"_1mf _1mj\" data-offset-key=\"9vnat-0-0\"><span data-offset-key=\"9vnat-0-0\">Aquest dijous els estudiants que ho desitgen s\u2019examinen de F\u00edsica i Geografia per comen\u00e7ar el mat\u00ed. Dibuix art\u00edstic, Llat\u00ed i Matem\u00e0tiques s\u00f3n el segon examen del dia. A la tarda faran les proves de Biologia, Cultura Audiovisual i Grec mentre que els ex\u00e0mens es tancaran examinant-se de Disseny, Literatura catalana o Tecnologia industrial.<\/span><\/div>\n<\/div>\n<div class=\"\" data-block=\"true\" data-editor=\"3n92g\" data-offset-key=\"46olp-0-0\">\n<div class=\"_1mf _1mj\" data-offset-key=\"46olp-0-0\"><span data-offset-key=\"46olp-0-0\">\u00a0<\/span><\/div>\n<\/div>\n<div class=\"\" data-block=\"true\" data-editor=\"3n92g\" data-offset-key=\"6igkf-0-0\">\n<div class=\"_1mf _1mj\" data-offset-key=\"6igkf-0-0\"><span data-offset-key=\"6igkf-0-0\">Des de l&#8217;Institut desitgem que acabin d&#8217;anar molt b\u00e9!!!<\/span><\/div>\n<\/div>\n<div class=\"_1mf _1mj\" data-offset-key=\"6igkf-0-0\"><a href=\"http:\/\/agora.xtec.cat\/ies-baix-montseny\/wp-content\/uploads\/usu1288\/2018\/06\/IMG-20180612-WA0003.jpg\"><img loading=\"lazy\" decoding=\"async\" class=\"alignnone size-large wp-image-1727\" src=\"http:\/\/agora.xtec.cat\/ies-baix-montseny\/wp-content\/uploads\/usu1288\/2018\/06\/IMG-20180612-WA0003-616x1024.jpg\" alt=\"\" width=\"616\" height=\"1024\" srcset=\"https:\/\/agora.xtec.cat\/ies-baix-montseny\/wp-content\/uploads\/usu1288\/2018\/06\/IMG-20180612-WA0003-616x1024.jpg 616w, https:\/\/agora.xtec.cat\/ies-baix-montseny\/wp-content\/uploads\/usu1288\/2018\/06\/IMG-20180612-WA0003-180x300.jpg 180w, https:\/\/agora.xtec.cat\/ies-baix-montseny\/wp-content\/uploads\/usu1288\/2018\/06\/IMG-20180612-WA0003-768x1277.jpg 768w, https:\/\/agora.xtec.cat\/ies-baix-montseny\/wp-content\/uploads\/usu1288\/2018\/06\/IMG-20180612-WA0003.jpg 962w\" sizes=\"auto, (max-width: 616px) 100vw, 616px\" \/><\/a><\/div>\n","protected":false},"excerpt":{"rendered":"<p>El tercer dia dels ex\u00e0mens de selectivitat, aquest dijous, posar\u00e0 el punt i final a les PAU 2018.<\/p>\n<p>\u00a0<\/p>\n<p>Aquest dijous els estudiants que ho desitgen s\u2019examinen de F\u00edsica i Geografia per comen\u00e7ar el mat\u00ed. Dibuix art\u00edstic, Llat\u00ed i Matem\u00e0tiques s\u00f3n el segon examen del dia. A&hellip;  <a href=\"https:\/\/agora.xtec.cat\/ies-baix-montseny\/general\/selectivitat\/\" title=\"Read SELECTIVITAT\">Llegeix m\u00e9s\u00bb<\/a><\/p>\n","protected":false},"author":7,"featured_media":1727,"comment_status":"open","ping_status":"closed","sticky":false,"template":"","format":"standard","meta":{"_bbp_topic_count":0,"_bbp_reply_count":0,"_bbp_total_topic_count":0,"_bbp_total_reply_count":0,"_bbp_voice_count":0,"_bbp_anonymous_reply_count":0,"_bbp_topic_count_hidden":0,"_bbp_reply_count_hidden":0,"_bbp_forum_subforum_count":0,"footnotes":""},"categories":[64,8,1,29],"tags":[],"class_list":["post-1726","post","type-post","status-publish","format-standard","has-post-thumbnail","hentry","category-activitats","category-batxillerat","category-general","category-portada"],"post_mailing_queue_ids":[],"_links":{"self":[{"href":"https:\/\/agora.xtec.cat\/ies-baix-montseny\/wp-json\/wp\/v2\/posts\/1726","targetHints":{"allow":["GET"]}}],"collection":[{"href":"https:\/\/agora.xtec.cat\/ies-baix-montseny\/wp-json\/wp\/v2\/posts"}],"about":[{"href":"https:\/\/agora.xtec.cat\/ies-baix-montseny\/wp-json\/wp\/v2\/types\/post"}],"author":[{"embeddable":true,"href":"https:\/\/agora.xtec.cat\/ies-baix-montseny\/wp-json\/wp\/v2\/users\/7"}],"replies":[{"embeddable":true,"href":"https:\/\/agora.xtec.cat\/ies-baix-montseny\/wp-json\/wp\/v2\/comments?post=1726"}],"version-history":[{"count":1,"href":"https:\/\/agora.xtec.cat\/ies-baix-montseny\/wp-json\/wp\/v2\/posts\/1726\/revisions"}],"predecessor-version":[{"id":1728,"href":"https:\/\/agora.xtec.cat\/ies-baix-montseny\/wp-json\/wp\/v2\/posts\/1726\/revisions\/1728"}],"wp:featuredmedia":[{"embeddable":true,"href":"https:\/\/agora.xtec.cat\/ies-baix-montseny\/wp-json\/wp\/v2\/media\/1727"}],"wp:attachment":[{"href":"https:\/\/agora.xtec.cat\/ies-baix-montseny\/wp-json\/wp\/v2\/media?parent=1726"}],"wp:term":[{"taxonomy":"category","embeddable":true,"href":"https:\/\/agora.xtec.cat\/ies-baix-montseny\/wp-json\/wp\/v2\/categories?post=1726"},{"taxonomy":"post_tag","embeddable":true,"href":"https:\/\/agora.xtec.cat\/ies-baix-montseny\/wp-json\/wp\/v2\/tags?post=1726"}],"curies":[{"name":"wp","href":"https:\/\/api.w.org\/{rel}","templated":true}]}}