{"id":1690,"date":"2018-05-31T15:25:47","date_gmt":"2018-05-31T13:25:47","guid":{"rendered":"http:\/\/agora.xtec.cat\/ies-baix-montseny\/?p=1690"},"modified":"2018-05-31T15:25:47","modified_gmt":"2018-05-31T13:25:47","slug":"certificat-consell-catala-de-ressuscitacio-4t-deso","status":"publish","type":"post","link":"https:\/\/agora.xtec.cat\/ies-baix-montseny\/general\/certificat-consell-catala-de-ressuscitacio-4t-deso\/","title":{"rendered":"CERTIFICAT CONSELL CATAL\u00c0 DE RESSUSCITACI\u00d3 4T D&#8217;ESO"},"content":{"rendered":"<div class=\"\" data-block=\"true\" data-editor=\"5gc2e\" data-offset-key=\"9ua3v-0-0\">\n<div class=\"_1mf _1mj\" data-offset-key=\"9ua3v-0-0\">Aquest dimarts 29 de maig, els alumnes de 4t d\u00b4ESO que estaven interessats van fer la prova pr\u00e0ctica per aconseguir el certificat que expedeix el Consell Catal\u00e0 de Ressuscitaci\u00f3. Aquest avala els coneixements en Suport Vital B\u00e0sic. Durant els quatre anys de l\u00b4ESO i dintre de la mat\u00e8ria d&#8217;educaci\u00f3 f\u00edsica, els alumnes reben uns coneixements b\u00e0sics de com intervenir en una aturada cardiorespirat\u00f2ria. \u00c9s a 4t d&#8217; ESO quan tenen la oportunitat de treure un certificat del CCR.<\/div>\n<\/div>\n<div class=\"\" data-block=\"true\" data-editor=\"5gc2e\" data-offset-key=\"fvcd8-0-0\">\n<div class=\"_1mf _1mj\" data-offset-key=\"fvcd8-0-0\"><span data-offset-key=\"fvcd8-0-0\">Felicitats a tots i totes!<\/span><\/div>\n<div class=\"_1mf _1mj\" data-offset-key=\"fvcd8-0-0\"><a href=\"http:\/\/agora.xtec.cat\/ies-baix-montseny\/wp-content\/uploads\/usu1288\/2018\/05\/FotoJet-1.jpg\"><img loading=\"lazy\" decoding=\"async\" class=\"alignnone size-large wp-image-1691\" src=\"http:\/\/agora.xtec.cat\/ies-baix-montseny\/wp-content\/uploads\/usu1288\/2018\/05\/FotoJet-1-1024x1024.jpg\" alt=\"\" width=\"1024\" height=\"1024\" srcset=\"https:\/\/agora.xtec.cat\/ies-baix-montseny\/wp-content\/uploads\/usu1288\/2018\/05\/FotoJet-1-1024x1024.jpg 1024w, https:\/\/agora.xtec.cat\/ies-baix-montseny\/wp-content\/uploads\/usu1288\/2018\/05\/FotoJet-1-150x150.jpg 150w, https:\/\/agora.xtec.cat\/ies-baix-montseny\/wp-content\/uploads\/usu1288\/2018\/05\/FotoJet-1-300x300.jpg 300w, https:\/\/agora.xtec.cat\/ies-baix-montseny\/wp-content\/uploads\/usu1288\/2018\/05\/FotoJet-1-768x768.jpg 768w, https:\/\/agora.xtec.cat\/ies-baix-montseny\/wp-content\/uploads\/usu1288\/2018\/05\/FotoJet-1.jpg 1200w\" sizes=\"auto, (max-width: 1024px) 100vw, 1024px\" \/><\/a><\/div>\n<\/div>\n","protected":false},"excerpt":{"rendered":"<p>Aquest dimarts 29 de maig, els alumnes de 4t d\u00b4ESO que estaven interessats van fer la prova pr\u00e0ctica per aconseguir el certificat que expedeix el Consell Catal\u00e0 de Ressuscitaci\u00f3. Aquest avala els coneixements en Suport Vital B\u00e0sic. Durant els quatre anys de l\u00b4ESO i dintre&hellip;  <a href=\"https:\/\/agora.xtec.cat\/ies-baix-montseny\/general\/certificat-consell-catala-de-ressuscitacio-4t-deso\/\" title=\"Read CERTIFICAT CONSELL CATAL\u00c0 DE RESSUSCITACI\u00d3 4T D&#8217;ESO\">Llegeix m\u00e9s\u00bb<\/a><\/p>\n","protected":false},"author":7,"featured_media":1691,"comment_status":"open","ping_status":"closed","sticky":false,"template":"","format":"standard","meta":{"_bbp_topic_count":0,"_bbp_reply_count":0,"_bbp_total_topic_count":0,"_bbp_total_reply_count":0,"_bbp_voice_count":0,"_bbp_anonymous_reply_count":0,"_bbp_topic_count_hidden":0,"_bbp_reply_count_hidden":0,"_bbp_forum_subforum_count":0,"footnotes":""},"categories":[7,64,1,29],"tags":[],"class_list":["post-1690","post","type-post","status-publish","format-standard","has-post-thumbnail","hentry","category-eso-4","category-activitats","category-general","category-portada"],"post_mailing_queue_ids":[],"_links":{"self":[{"href":"https:\/\/agora.xtec.cat\/ies-baix-montseny\/wp-json\/wp\/v2\/posts\/1690","targetHints":{"allow":["GET"]}}],"collection":[{"href":"https:\/\/agora.xtec.cat\/ies-baix-montseny\/wp-json\/wp\/v2\/posts"}],"about":[{"href":"https:\/\/agora.xtec.cat\/ies-baix-montseny\/wp-json\/wp\/v2\/types\/post"}],"author":[{"embeddable":true,"href":"https:\/\/agora.xtec.cat\/ies-baix-montseny\/wp-json\/wp\/v2\/users\/7"}],"replies":[{"embeddable":true,"href":"https:\/\/agora.xtec.cat\/ies-baix-montseny\/wp-json\/wp\/v2\/comments?post=1690"}],"version-history":[{"count":1,"href":"https:\/\/agora.xtec.cat\/ies-baix-montseny\/wp-json\/wp\/v2\/posts\/1690\/revisions"}],"predecessor-version":[{"id":1692,"href":"https:\/\/agora.xtec.cat\/ies-baix-montseny\/wp-json\/wp\/v2\/posts\/1690\/revisions\/1692"}],"wp:featuredmedia":[{"embeddable":true,"href":"https:\/\/agora.xtec.cat\/ies-baix-montseny\/wp-json\/wp\/v2\/media\/1691"}],"wp:attachment":[{"href":"https:\/\/agora.xtec.cat\/ies-baix-montseny\/wp-json\/wp\/v2\/media?parent=1690"}],"wp:term":[{"taxonomy":"category","embeddable":true,"href":"https:\/\/agora.xtec.cat\/ies-baix-montseny\/wp-json\/wp\/v2\/categories?post=1690"},{"taxonomy":"post_tag","embeddable":true,"href":"https:\/\/agora.xtec.cat\/ies-baix-montseny\/wp-json\/wp\/v2\/tags?post=1690"}],"curies":[{"name":"wp","href":"https:\/\/api.w.org\/{rel}","templated":true}]}}