{"id":1687,"date":"2018-05-31T15:15:26","date_gmt":"2018-05-31T13:15:26","guid":{"rendered":"http:\/\/agora.xtec.cat\/ies-baix-montseny\/?p=1687"},"modified":"2018-05-31T15:15:26","modified_gmt":"2018-05-31T13:15:26","slug":"sortida-upc-3r-deso","status":"publish","type":"post","link":"https:\/\/agora.xtec.cat\/ies-baix-montseny\/general\/sortida-upc-3r-deso\/","title":{"rendered":"SORTIDA UPC 3r D&#8217;ESO"},"content":{"rendered":"<div class=\"\" data-block=\"true\" data-editor=\"1i9pt\" data-offset-key=\"edkbt-0-0\">\n<div class=\"_1mf _1mj\" data-offset-key=\"edkbt-0-0\">La visita a la UPC amb els de 3ESO ens ha acostat al futur dels materials; hem identificat diferents pol\u00edmers (pl\u00e0stic) al laboratori; em observat com es mesura la tracci\u00f3 mec\u00e0nica dels materials; i hem visitat el microscopi electr\u00f2nic (SEM).<\/div>\n<\/div>\n<div class=\"_1mf _1mj\" data-offset-key=\"edkbt-0-0\"><\/div>\n<div class=\"_1mf _1mj\" data-offset-key=\"edkbt-0-0\"><a href=\"http:\/\/agora.xtec.cat\/ies-baix-montseny\/wp-content\/uploads\/usu1288\/2018\/05\/FotoJet.jpg\"><img loading=\"lazy\" decoding=\"async\" class=\"alignnone size-large wp-image-1688\" src=\"http:\/\/agora.xtec.cat\/ies-baix-montseny\/wp-content\/uploads\/usu1288\/2018\/05\/FotoJet-1024x1024.jpg\" alt=\"\" width=\"1024\" height=\"1024\" srcset=\"https:\/\/agora.xtec.cat\/ies-baix-montseny\/wp-content\/uploads\/usu1288\/2018\/05\/FotoJet-1024x1024.jpg 1024w, https:\/\/agora.xtec.cat\/ies-baix-montseny\/wp-content\/uploads\/usu1288\/2018\/05\/FotoJet-150x150.jpg 150w, https:\/\/agora.xtec.cat\/ies-baix-montseny\/wp-content\/uploads\/usu1288\/2018\/05\/FotoJet-300x300.jpg 300w, https:\/\/agora.xtec.cat\/ies-baix-montseny\/wp-content\/uploads\/usu1288\/2018\/05\/FotoJet-768x768.jpg 768w, https:\/\/agora.xtec.cat\/ies-baix-montseny\/wp-content\/uploads\/usu1288\/2018\/05\/FotoJet.jpg 1200w\" sizes=\"auto, (max-width: 1024px) 100vw, 1024px\" \/><\/a><\/div>\n","protected":false},"excerpt":{"rendered":"<p>La visita a la UPC amb els de 3ESO ens ha acostat al futur dels materials; hem identificat diferents pol\u00edmers (pl\u00e0stic) al laboratori; em observat com es mesura la tracci\u00f3 mec\u00e0nica dels materials; i hem visitat el microscopi electr\u00f2nic (SEM).<\/p>\n<p><a href=\"http:\/\/agora.xtec.cat\/ies-baix-montseny\/wp-content\/uploads\/usu1288\/2018\/05\/FotoJet.jpg\"><\/a><\/p>\n","protected":false},"author":7,"featured_media":1688,"comment_status":"open","ping_status":"closed","sticky":false,"template":"","format":"standard","meta":{"_bbp_topic_count":0,"_bbp_reply_count":0,"_bbp_total_topic_count":0,"_bbp_total_reply_count":0,"_bbp_voice_count":0,"_bbp_anonymous_reply_count":0,"_bbp_topic_count_hidden":0,"_bbp_reply_count_hidden":0,"_bbp_forum_subforum_count":0,"footnotes":""},"categories":[6,64,3,1,29],"tags":[],"class_list":["post-1687","post","type-post","status-publish","format-standard","has-post-thumbnail","hentry","category-eso-3","category-activitats","category-eso","category-general","category-portada"],"post_mailing_queue_ids":[],"_links":{"self":[{"href":"https:\/\/agora.xtec.cat\/ies-baix-montseny\/wp-json\/wp\/v2\/posts\/1687","targetHints":{"allow":["GET"]}}],"collection":[{"href":"https:\/\/agora.xtec.cat\/ies-baix-montseny\/wp-json\/wp\/v2\/posts"}],"about":[{"href":"https:\/\/agora.xtec.cat\/ies-baix-montseny\/wp-json\/wp\/v2\/types\/post"}],"author":[{"embeddable":true,"href":"https:\/\/agora.xtec.cat\/ies-baix-montseny\/wp-json\/wp\/v2\/users\/7"}],"replies":[{"embeddable":true,"href":"https:\/\/agora.xtec.cat\/ies-baix-montseny\/wp-json\/wp\/v2\/comments?post=1687"}],"version-history":[{"count":1,"href":"https:\/\/agora.xtec.cat\/ies-baix-montseny\/wp-json\/wp\/v2\/posts\/1687\/revisions"}],"predecessor-version":[{"id":1689,"href":"https:\/\/agora.xtec.cat\/ies-baix-montseny\/wp-json\/wp\/v2\/posts\/1687\/revisions\/1689"}],"wp:featuredmedia":[{"embeddable":true,"href":"https:\/\/agora.xtec.cat\/ies-baix-montseny\/wp-json\/wp\/v2\/media\/1688"}],"wp:attachment":[{"href":"https:\/\/agora.xtec.cat\/ies-baix-montseny\/wp-json\/wp\/v2\/media?parent=1687"}],"wp:term":[{"taxonomy":"category","embeddable":true,"href":"https:\/\/agora.xtec.cat\/ies-baix-montseny\/wp-json\/wp\/v2\/categories?post=1687"},{"taxonomy":"post_tag","embeddable":true,"href":"https:\/\/agora.xtec.cat\/ies-baix-montseny\/wp-json\/wp\/v2\/tags?post=1687"}],"curies":[{"name":"wp","href":"https:\/\/api.w.org\/{rel}","templated":true}]}}