{"id":1661,"date":"2018-05-23T11:42:33","date_gmt":"2018-05-23T09:42:33","guid":{"rendered":"http:\/\/agora.xtec.cat\/ies-baix-montseny\/?p=1661"},"modified":"2018-05-23T11:42:33","modified_gmt":"2018-05-23T09:42:33","slug":"projecte-yomesumo","status":"publish","type":"post","link":"https:\/\/agora.xtec.cat\/ies-baix-montseny\/general\/projecte-yomesumo\/","title":{"rendered":"PROJECTE \u00a0#YoMeSumo"},"content":{"rendered":"<p>Aquest curs els alumnes de 4t d\u2019ESO han participat a la campanya \u201cSomos M\u00e1s, contra el odio y el radicalismo\u201d. L\u2019objectiu ha estat prevenir i sensibilitzar als joves sobre el discurs de l\u2019odi i la radicalitzaci\u00f3 violenta.<\/p>\n<p>Aquest programa consisteix en 3 tallers on es treballa amb material did\u00e0ctic i jocs de rol per poder facilitar la comprensi\u00f3 de la situaci\u00f3 actual a les xarxes socials.<\/p>\n<p>Al final dels tallers els alumnes poden optar a participar a un concurs sota el lema \u00a0#YoMeSumo.<\/p>\n<p>A continuaci\u00f3 podeu gaudir d\u2019un parell de v\u00eddeos que s\u2019han presentat. Esperem que us agradin tant com a nosaltres! Enhorabona a tots!<\/p>\n<p><a href=\"https:\/\/youtu.be\/ukixwDs_FgM\">https:\/\/youtu.be\/ukixwDs_FgM<\/a><\/p>\n<p>&nbsp;<\/p>\n<p><a href=\"https:\/\/youtu.be\/1Q_FTC_vnbA\">https:\/\/youtu.be\/1Q_FTC_vnbA<\/a><\/p>\n","protected":false},"excerpt":{"rendered":"<p>Aquest curs els alumnes de 4t d\u2019ESO han participat a la campanya \u201cSomos M\u00e1s, contra el odio y el radicalismo\u201d. L\u2019objectiu ha estat prevenir i sensibilitzar als joves sobre el discurs de l\u2019odi i la radicalitzaci\u00f3 violenta.<br \/>\nAquest programa consisteix en 3 tallers on es treballa&hellip;  <a href=\"https:\/\/agora.xtec.cat\/ies-baix-montseny\/general\/projecte-yomesumo\/\" title=\"Read PROJECTE \u00a0#YoMeSumo\">Llegeix m\u00e9s\u00bb<\/a><\/p>\n","protected":false},"author":7,"featured_media":1662,"comment_status":"open","ping_status":"closed","sticky":false,"template":"","format":"standard","meta":{"_bbp_topic_count":0,"_bbp_reply_count":0,"_bbp_total_topic_count":0,"_bbp_total_reply_count":0,"_bbp_voice_count":0,"_bbp_anonymous_reply_count":0,"_bbp_topic_count_hidden":0,"_bbp_reply_count_hidden":0,"_bbp_forum_subforum_count":0,"footnotes":""},"categories":[7,64,1,29],"tags":[],"class_list":["post-1661","post","type-post","status-publish","format-standard","has-post-thumbnail","hentry","category-eso-4","category-activitats","category-general","category-portada"],"post_mailing_queue_ids":[],"_links":{"self":[{"href":"https:\/\/agora.xtec.cat\/ies-baix-montseny\/wp-json\/wp\/v2\/posts\/1661","targetHints":{"allow":["GET"]}}],"collection":[{"href":"https:\/\/agora.xtec.cat\/ies-baix-montseny\/wp-json\/wp\/v2\/posts"}],"about":[{"href":"https:\/\/agora.xtec.cat\/ies-baix-montseny\/wp-json\/wp\/v2\/types\/post"}],"author":[{"embeddable":true,"href":"https:\/\/agora.xtec.cat\/ies-baix-montseny\/wp-json\/wp\/v2\/users\/7"}],"replies":[{"embeddable":true,"href":"https:\/\/agora.xtec.cat\/ies-baix-montseny\/wp-json\/wp\/v2\/comments?post=1661"}],"version-history":[{"count":1,"href":"https:\/\/agora.xtec.cat\/ies-baix-montseny\/wp-json\/wp\/v2\/posts\/1661\/revisions"}],"predecessor-version":[{"id":1663,"href":"https:\/\/agora.xtec.cat\/ies-baix-montseny\/wp-json\/wp\/v2\/posts\/1661\/revisions\/1663"}],"wp:featuredmedia":[{"embeddable":true,"href":"https:\/\/agora.xtec.cat\/ies-baix-montseny\/wp-json\/wp\/v2\/media\/1662"}],"wp:attachment":[{"href":"https:\/\/agora.xtec.cat\/ies-baix-montseny\/wp-json\/wp\/v2\/media?parent=1661"}],"wp:term":[{"taxonomy":"category","embeddable":true,"href":"https:\/\/agora.xtec.cat\/ies-baix-montseny\/wp-json\/wp\/v2\/categories?post=1661"},{"taxonomy":"post_tag","embeddable":true,"href":"https:\/\/agora.xtec.cat\/ies-baix-montseny\/wp-json\/wp\/v2\/tags?post=1661"}],"curies":[{"name":"wp","href":"https:\/\/api.w.org\/{rel}","templated":true}]}}