{"id":1645,"date":"2018-05-15T12:44:53","date_gmt":"2018-05-15T10:44:53","guid":{"rendered":"http:\/\/agora.xtec.cat\/ies-baix-montseny\/?p=1645"},"modified":"2018-05-15T12:44:53","modified_gmt":"2018-05-15T10:44:53","slug":"viatge-mathausen","status":"publish","type":"post","link":"https:\/\/agora.xtec.cat\/ies-baix-montseny\/general\/viatge-mathausen\/","title":{"rendered":"VIATGE MATHAUSEN"},"content":{"rendered":"<div class=\"gE iv gt\">El dilluns 14 de maig l&#8217;alcalde de Sant Celoni, Francesc Deulofeu, va rebre a les alumnes que han participat en el viatge al camp de concentraci\u00f3 de Mathausen aquest curs.<\/div>\n<div id=\":k8\" class=\"ii gt \">\n<div id=\":k9\" class=\"a3s aXjCH m163634742c2434f2\">\n<div dir=\"auto\">\n<div dir=\"auto\"><\/div>\n<div dir=\"auto\">Tamb\u00e9 hi van assistir les fam\u00edlies de les alumnes i la professora acompanyant del departament de Geografia i Hist\u00f2ria.<\/div>\n<div dir=\"auto\"><\/div>\n<div dir=\"auto\">Les alumnes van explicar la seva experi\u00e8ncia al camp, i es va parlar de la necessitat de treballar per la mem\u00f2ria hist\u00f2rica i del\u00a0 comprom\u00eds dels joves per seguir treballant en la prevenci\u00f3 del feixisme.<\/div>\n<\/div>\n<\/div>\n<div dir=\"auto\"><a href=\"http:\/\/agora.xtec.cat\/ies-baix-montseny\/wp-content\/uploads\/usu1288\/2018\/05\/20180514_184855.jpg\"><img loading=\"lazy\" decoding=\"async\" class=\"alignnone size-large wp-image-1646\" src=\"http:\/\/agora.xtec.cat\/ies-baix-montseny\/wp-content\/uploads\/usu1288\/2018\/05\/20180514_184855-1024x768.jpg\" alt=\"\" width=\"1024\" height=\"768\" srcset=\"https:\/\/agora.xtec.cat\/ies-baix-montseny\/wp-content\/uploads\/usu1288\/2018\/05\/20180514_184855-1024x768.jpg 1024w, https:\/\/agora.xtec.cat\/ies-baix-montseny\/wp-content\/uploads\/usu1288\/2018\/05\/20180514_184855-300x225.jpg 300w, https:\/\/agora.xtec.cat\/ies-baix-montseny\/wp-content\/uploads\/usu1288\/2018\/05\/20180514_184855-768x576.jpg 768w, https:\/\/agora.xtec.cat\/ies-baix-montseny\/wp-content\/uploads\/usu1288\/2018\/05\/20180514_184855-200x150.jpg 200w\" sizes=\"auto, (max-width: 1024px) 100vw, 1024px\" \/><\/a><\/div>\n<\/div>\n","protected":false},"excerpt":{"rendered":"<p>El dilluns 14 de maig l&#8217;alcalde de Sant Celoni, Francesc Deulofeu, va rebre a les alumnes que han participat en el viatge al camp de concentraci\u00f3 de Mathausen aquest curs.<\/p>\n<p>Tamb\u00e9 hi van assistir les fam\u00edlies de les alumnes i la professora acompanyant del departament de&hellip;  <a href=\"https:\/\/agora.xtec.cat\/ies-baix-montseny\/general\/viatge-mathausen\/\" title=\"Read VIATGE MATHAUSEN\">Llegeix m\u00e9s\u00bb<\/a><\/p>\n","protected":false},"author":7,"featured_media":1646,"comment_status":"open","ping_status":"closed","sticky":false,"template":"","format":"standard","meta":{"_bbp_topic_count":0,"_bbp_reply_count":0,"_bbp_total_topic_count":0,"_bbp_total_reply_count":0,"_bbp_voice_count":0,"_bbp_anonymous_reply_count":0,"_bbp_topic_count_hidden":0,"_bbp_reply_count_hidden":0,"_bbp_forum_subforum_count":0,"footnotes":""},"categories":[64,8,1,29,100],"tags":[],"class_list":["post-1645","post","type-post","status-publish","format-standard","has-post-thumbnail","hentry","category-activitats","category-batxillerat","category-general","category-portada","category-viatges"],"post_mailing_queue_ids":[],"_links":{"self":[{"href":"https:\/\/agora.xtec.cat\/ies-baix-montseny\/wp-json\/wp\/v2\/posts\/1645","targetHints":{"allow":["GET"]}}],"collection":[{"href":"https:\/\/agora.xtec.cat\/ies-baix-montseny\/wp-json\/wp\/v2\/posts"}],"about":[{"href":"https:\/\/agora.xtec.cat\/ies-baix-montseny\/wp-json\/wp\/v2\/types\/post"}],"author":[{"embeddable":true,"href":"https:\/\/agora.xtec.cat\/ies-baix-montseny\/wp-json\/wp\/v2\/users\/7"}],"replies":[{"embeddable":true,"href":"https:\/\/agora.xtec.cat\/ies-baix-montseny\/wp-json\/wp\/v2\/comments?post=1645"}],"version-history":[{"count":1,"href":"https:\/\/agora.xtec.cat\/ies-baix-montseny\/wp-json\/wp\/v2\/posts\/1645\/revisions"}],"predecessor-version":[{"id":1647,"href":"https:\/\/agora.xtec.cat\/ies-baix-montseny\/wp-json\/wp\/v2\/posts\/1645\/revisions\/1647"}],"wp:featuredmedia":[{"embeddable":true,"href":"https:\/\/agora.xtec.cat\/ies-baix-montseny\/wp-json\/wp\/v2\/media\/1646"}],"wp:attachment":[{"href":"https:\/\/agora.xtec.cat\/ies-baix-montseny\/wp-json\/wp\/v2\/media?parent=1645"}],"wp:term":[{"taxonomy":"category","embeddable":true,"href":"https:\/\/agora.xtec.cat\/ies-baix-montseny\/wp-json\/wp\/v2\/categories?post=1645"},{"taxonomy":"post_tag","embeddable":true,"href":"https:\/\/agora.xtec.cat\/ies-baix-montseny\/wp-json\/wp\/v2\/tags?post=1645"}],"curies":[{"name":"wp","href":"https:\/\/api.w.org\/{rel}","templated":true}]}}