{"id":1642,"date":"2018-05-14T11:10:31","date_gmt":"2018-05-14T09:10:31","guid":{"rendered":"http:\/\/agora.xtec.cat\/ies-baix-montseny\/?p=1642"},"modified":"2018-05-14T11:10:31","modified_gmt":"2018-05-14T09:10:31","slug":"projecte-gegantons-primaria-secundaria","status":"publish","type":"post","link":"https:\/\/agora.xtec.cat\/ies-baix-montseny\/general\/projecte-gegantons-primaria-secundaria\/","title":{"rendered":"PROJECTE GEGANTONS PRIM\u00c0RIA- SECUND\u00c0RIA"},"content":{"rendered":"<p>Aquest divendres un grup d&#8217;alumnes de l&#8217;institut ha participat en l&#8217;organitzaci\u00f3 d&#8217;un cercavila per als alumnes d&#8217;educaci\u00f3 infantil de l&#8217;escola Soler de Vilardell.<\/p>\n<div dir=\"auto\">Quan han arribat al pati de l&#8217;escola amb els gegantons i la m\u00fasica els petits s&#8217;han posat molt contents. Despr\u00e9s han fet la cercavila pel pati conjuntament tocant amb els nens i nenes de 5\u00e8.<\/div>\n<div dir=\"auto\"><\/div>\n<div dir=\"auto\">Al final de la cercavila els petits de P5 ens han ensenyat a tots un ball molt divertit i acte seguit els de 5\u00e8 ens han tocat una pe\u00e7a musical.<\/div>\n<div dir=\"auto\"><\/div>\n<div dir=\"auto\">Una vegada hem fet les activitats a fora, els alumnes de l&#8217;institut els han explicat un conte relacionat amb el naixement dels gegantons i hem acabat amb unes manualitats que consistien en fer titelles de pal i unes m\u00e0scares.<\/div>\n<div dir=\"auto\"><\/div>\n<div dir=\"auto\">Tots ho han passat molt b\u00e9, ha estat una gran experi\u00e8ncia poder compartir aquests moments petits i grans!<\/div>\n<div dir=\"auto\"><\/div>\n<div dir=\"auto\"><a href=\"http:\/\/agora.xtec.cat\/ies-baix-montseny\/wp-content\/uploads\/usu1288\/2018\/05\/20180511_223513.jpg\"><img loading=\"lazy\" decoding=\"async\" class=\"alignnone size-large wp-image-1643\" src=\"http:\/\/agora.xtec.cat\/ies-baix-montseny\/wp-content\/uploads\/usu1288\/2018\/05\/20180511_223513-1024x1024.jpg\" alt=\"\" width=\"1024\" height=\"1024\" srcset=\"https:\/\/agora.xtec.cat\/ies-baix-montseny\/wp-content\/uploads\/usu1288\/2018\/05\/20180511_223513-1024x1024.jpg 1024w, https:\/\/agora.xtec.cat\/ies-baix-montseny\/wp-content\/uploads\/usu1288\/2018\/05\/20180511_223513-150x150.jpg 150w, https:\/\/agora.xtec.cat\/ies-baix-montseny\/wp-content\/uploads\/usu1288\/2018\/05\/20180511_223513-300x300.jpg 300w, https:\/\/agora.xtec.cat\/ies-baix-montseny\/wp-content\/uploads\/usu1288\/2018\/05\/20180511_223513-768x768.jpg 768w\" sizes=\"auto, (max-width: 1024px) 100vw, 1024px\" \/><\/a><\/div>\n<div dir=\"auto\"><\/div>\n","protected":false},"excerpt":{"rendered":"<p>Aquest divendres un grup d&#8217;alumnes de l&#8217;institut ha participat en l&#8217;organitzaci\u00f3 d&#8217;un cercavila per als alumnes d&#8217;educaci\u00f3 infantil de l&#8217;escola Soler de Vilardell.<br \/>\nQuan han arribat al pati de l&#8217;escola amb els gegantons i la m\u00fasica els petits s&#8217;han posat molt contents. Despr\u00e9s han fet la&hellip;  <a href=\"https:\/\/agora.xtec.cat\/ies-baix-montseny\/general\/projecte-gegantons-primaria-secundaria\/\" title=\"Read PROJECTE GEGANTONS PRIM\u00c0RIA- SECUND\u00c0RIA\">Llegeix m\u00e9s\u00bb<\/a><\/p>\n","protected":false},"author":7,"featured_media":1643,"comment_status":"open","ping_status":"closed","sticky":false,"template":"","format":"standard","meta":{"_bbp_topic_count":0,"_bbp_reply_count":0,"_bbp_total_topic_count":0,"_bbp_total_reply_count":0,"_bbp_voice_count":0,"_bbp_anonymous_reply_count":0,"_bbp_topic_count_hidden":0,"_bbp_reply_count_hidden":0,"_bbp_forum_subforum_count":0,"footnotes":""},"categories":[64,3,1,29],"tags":[],"class_list":["post-1642","post","type-post","status-publish","format-standard","has-post-thumbnail","hentry","category-activitats","category-eso","category-general","category-portada"],"post_mailing_queue_ids":[],"_links":{"self":[{"href":"https:\/\/agora.xtec.cat\/ies-baix-montseny\/wp-json\/wp\/v2\/posts\/1642","targetHints":{"allow":["GET"]}}],"collection":[{"href":"https:\/\/agora.xtec.cat\/ies-baix-montseny\/wp-json\/wp\/v2\/posts"}],"about":[{"href":"https:\/\/agora.xtec.cat\/ies-baix-montseny\/wp-json\/wp\/v2\/types\/post"}],"author":[{"embeddable":true,"href":"https:\/\/agora.xtec.cat\/ies-baix-montseny\/wp-json\/wp\/v2\/users\/7"}],"replies":[{"embeddable":true,"href":"https:\/\/agora.xtec.cat\/ies-baix-montseny\/wp-json\/wp\/v2\/comments?post=1642"}],"version-history":[{"count":1,"href":"https:\/\/agora.xtec.cat\/ies-baix-montseny\/wp-json\/wp\/v2\/posts\/1642\/revisions"}],"predecessor-version":[{"id":1644,"href":"https:\/\/agora.xtec.cat\/ies-baix-montseny\/wp-json\/wp\/v2\/posts\/1642\/revisions\/1644"}],"wp:featuredmedia":[{"embeddable":true,"href":"https:\/\/agora.xtec.cat\/ies-baix-montseny\/wp-json\/wp\/v2\/media\/1643"}],"wp:attachment":[{"href":"https:\/\/agora.xtec.cat\/ies-baix-montseny\/wp-json\/wp\/v2\/media?parent=1642"}],"wp:term":[{"taxonomy":"category","embeddable":true,"href":"https:\/\/agora.xtec.cat\/ies-baix-montseny\/wp-json\/wp\/v2\/categories?post=1642"},{"taxonomy":"post_tag","embeddable":true,"href":"https:\/\/agora.xtec.cat\/ies-baix-montseny\/wp-json\/wp\/v2\/tags?post=1642"}],"curies":[{"name":"wp","href":"https:\/\/api.w.org\/{rel}","templated":true}]}}