{"id":1634,"date":"2018-05-10T12:04:39","date_gmt":"2018-05-10T10:04:39","guid":{"rendered":"http:\/\/agora.xtec.cat\/ies-baix-montseny\/?p=1634"},"modified":"2018-05-10T12:04:39","modified_gmt":"2018-05-10T10:04:39","slug":"jornada-interinstituts-de-frances","status":"publish","type":"post","link":"https:\/\/agora.xtec.cat\/ies-baix-montseny\/general\/jornada-interinstituts-de-frances\/","title":{"rendered":"JORNADA INTERINSTITUTS DE FRANC\u00c8S"},"content":{"rendered":"<p><span style=\"font-weight: 400;\">Ahir, dimecres 10 de maig, els nostres alumnes de 4rt de la optativa de franc\u00e8s van participar a la primera jornada interinstituts de franc\u00e8s del Maresme Vall\u00e8s Oriental. La idea d\u2019aquesta jornada va sorgir en un grup de treball de professors de franc\u00e8s del MVO en el qual he participat aquest curs. Van haver dues seus de la jornada: una a Sant Feliu de Codines (amb 4 instituts) i l\u2019altra a Sant Celoni (amb tres instituts). Vam acollir doncs alumnes de 3r i 4rt d\u2019ESO de l\u2019institut Giol\u00e0 de Llinars i de l\u2019institut-escola la Tordera de Palau. Els alumnes van poder gaudir d\u2019un dia dedicat a la pr\u00e0ctica de la llengua francesa i a l\u2019apropament de la cultura francesa. A m\u00e9s a m\u00e9s van poder con\u00e8ixer alumnes d\u2019altres centres que, com ells, estan aprenent el franc\u00e8s. Van sorgir noves amistats entre alumnes i vam crear un vincle tamb\u00e9 entre els instituts. El dia va estar marcat per activitats molt variades i vam acabar amb una entrega de premis.<\/span><\/p>\n<p><a href=\"http:\/\/agora.xtec.cat\/ies-baix-montseny\/wp-content\/uploads\/usu1288\/2018\/05\/20180509_121837.jpg\"><img loading=\"lazy\" decoding=\"async\" class=\"alignnone size-large wp-image-1635\" src=\"http:\/\/agora.xtec.cat\/ies-baix-montseny\/wp-content\/uploads\/usu1288\/2018\/05\/20180509_121837-1024x1024.jpg\" alt=\"\" width=\"1024\" height=\"1024\" srcset=\"https:\/\/agora.xtec.cat\/ies-baix-montseny\/wp-content\/uploads\/usu1288\/2018\/05\/20180509_121837-1024x1024.jpg 1024w, https:\/\/agora.xtec.cat\/ies-baix-montseny\/wp-content\/uploads\/usu1288\/2018\/05\/20180509_121837-150x150.jpg 150w, https:\/\/agora.xtec.cat\/ies-baix-montseny\/wp-content\/uploads\/usu1288\/2018\/05\/20180509_121837-300x300.jpg 300w, https:\/\/agora.xtec.cat\/ies-baix-montseny\/wp-content\/uploads\/usu1288\/2018\/05\/20180509_121837-768x768.jpg 768w\" sizes=\"auto, (max-width: 1024px) 100vw, 1024px\" \/><\/a><\/p>\n","protected":false},"excerpt":{"rendered":"<p>Ahir, dimecres 10 de maig, els nostres alumnes de 4rt de la optativa de franc\u00e8s van participar a la primera jornada interinstituts de franc\u00e8s del Maresme Vall\u00e8s Oriental. La idea d\u2019aquesta jornada va sorgir en un grup de treball de professors de franc\u00e8s del MVO&hellip;  <a href=\"https:\/\/agora.xtec.cat\/ies-baix-montseny\/general\/jornada-interinstituts-de-frances\/\" title=\"Read JORNADA INTERINSTITUTS DE FRANC\u00c8S\">Llegeix m\u00e9s\u00bb<\/a><\/p>\n","protected":false},"author":7,"featured_media":1635,"comment_status":"open","ping_status":"closed","sticky":false,"template":"","format":"standard","meta":{"_bbp_topic_count":0,"_bbp_reply_count":0,"_bbp_total_topic_count":0,"_bbp_total_reply_count":0,"_bbp_voice_count":0,"_bbp_anonymous_reply_count":0,"_bbp_topic_count_hidden":0,"_bbp_reply_count_hidden":0,"_bbp_forum_subforum_count":0,"footnotes":""},"categories":[7,64,1,29],"tags":[],"class_list":["post-1634","post","type-post","status-publish","format-standard","has-post-thumbnail","hentry","category-eso-4","category-activitats","category-general","category-portada"],"post_mailing_queue_ids":[],"_links":{"self":[{"href":"https:\/\/agora.xtec.cat\/ies-baix-montseny\/wp-json\/wp\/v2\/posts\/1634","targetHints":{"allow":["GET"]}}],"collection":[{"href":"https:\/\/agora.xtec.cat\/ies-baix-montseny\/wp-json\/wp\/v2\/posts"}],"about":[{"href":"https:\/\/agora.xtec.cat\/ies-baix-montseny\/wp-json\/wp\/v2\/types\/post"}],"author":[{"embeddable":true,"href":"https:\/\/agora.xtec.cat\/ies-baix-montseny\/wp-json\/wp\/v2\/users\/7"}],"replies":[{"embeddable":true,"href":"https:\/\/agora.xtec.cat\/ies-baix-montseny\/wp-json\/wp\/v2\/comments?post=1634"}],"version-history":[{"count":1,"href":"https:\/\/agora.xtec.cat\/ies-baix-montseny\/wp-json\/wp\/v2\/posts\/1634\/revisions"}],"predecessor-version":[{"id":1636,"href":"https:\/\/agora.xtec.cat\/ies-baix-montseny\/wp-json\/wp\/v2\/posts\/1634\/revisions\/1636"}],"wp:featuredmedia":[{"embeddable":true,"href":"https:\/\/agora.xtec.cat\/ies-baix-montseny\/wp-json\/wp\/v2\/media\/1635"}],"wp:attachment":[{"href":"https:\/\/agora.xtec.cat\/ies-baix-montseny\/wp-json\/wp\/v2\/media?parent=1634"}],"wp:term":[{"taxonomy":"category","embeddable":true,"href":"https:\/\/agora.xtec.cat\/ies-baix-montseny\/wp-json\/wp\/v2\/categories?post=1634"},{"taxonomy":"post_tag","embeddable":true,"href":"https:\/\/agora.xtec.cat\/ies-baix-montseny\/wp-json\/wp\/v2\/tags?post=1634"}],"curies":[{"name":"wp","href":"https:\/\/api.w.org\/{rel}","templated":true}]}}