{"id":1625,"date":"2018-05-09T11:34:26","date_gmt":"2018-05-09T09:34:26","guid":{"rendered":"http:\/\/agora.xtec.cat\/ies-baix-montseny\/?p=1625"},"modified":"2018-05-09T11:34:26","modified_gmt":"2018-05-09T09:34:26","slug":"tots-dansen","status":"publish","type":"post","link":"https:\/\/agora.xtec.cat\/ies-baix-montseny\/general\/tots-dansen\/","title":{"rendered":"TOTS DANSEN"},"content":{"rendered":"<div class=\"\" data-block=\"true\" data-editor=\"7q9t0\" data-offset-key=\"dh4k8-0-0\">\n<div class=\"_1mf _1mj\" data-offset-key=\"dh4k8-0-0\">Us recordem que el proper dimarts 15 de maig , els alumnes de 3r ESO fan la representaci\u00f3 del projecte de Dansa Contempor\u00e0nia TOTS DANSEN. Al mat\u00ed nom\u00e9s ser\u00e0 per al p\u00fablic escolar. A les 20h es far\u00e0 la representaci\u00f3 oberta al p\u00fablic en general. Podeu comprar les entrades per internet a www.teatreauditori.cat o b\u00e9 presencialment a les taquilles del teatre , una hora abans de l&#8217; espectacle.<\/div>\n<\/div>\n<div class=\"\" data-block=\"true\" data-editor=\"7q9t0\" data-offset-key=\"3trg1-0-0\">\n<div class=\"_1mf _1mj\" data-offset-key=\"3trg1-0-0\"><span data-offset-key=\"3trg1-0-0\">Us hi esperem!<\/span><\/div>\n<div class=\"_1mf _1mj\" data-offset-key=\"3trg1-0-0\">\n<figure class=\"figure wp-caption alignnone\"><a href=\"http:\/\/agora.xtec.cat\/ies-baix-montseny\/wp-content\/uploads\/usu1288\/2018\/05\/IMG_20180419_095814.jpg\"><img loading=\"lazy\" decoding=\"async\" class=\"size-large wp-image-1626\" src=\"http:\/\/agora.xtec.cat\/ies-baix-montseny\/wp-content\/uploads\/usu1288\/2018\/05\/IMG_20180419_095814-1024x768.jpg\" alt=\"\" width=\"1024\" height=\"768\" srcset=\"https:\/\/agora.xtec.cat\/ies-baix-montseny\/wp-content\/uploads\/usu1288\/2018\/05\/IMG_20180419_095814-1024x768.jpg 1024w, https:\/\/agora.xtec.cat\/ies-baix-montseny\/wp-content\/uploads\/usu1288\/2018\/05\/IMG_20180419_095814-300x225.jpg 300w, https:\/\/agora.xtec.cat\/ies-baix-montseny\/wp-content\/uploads\/usu1288\/2018\/05\/IMG_20180419_095814-768x576.jpg 768w, https:\/\/agora.xtec.cat\/ies-baix-montseny\/wp-content\/uploads\/usu1288\/2018\/05\/IMG_20180419_095814-200x150.jpg 200w\" sizes=\"auto, (max-width: 1024px) 100vw, 1024px\" \/><\/a><figcaption class=\"wp-caption-text\">dav<\/figcaption><\/figure>\n<\/div>\n<\/div>\n","protected":false},"excerpt":{"rendered":"<p>Us recordem que el proper dimarts 15 de maig , els alumnes de 3r ESO fan la representaci\u00f3 del projecte de Dansa Contempor\u00e0nia TOTS DANSEN. Al mat\u00ed nom\u00e9s ser\u00e0 per al p\u00fablic escolar. A les 20h es far\u00e0 la representaci\u00f3 oberta al p\u00fablic en general.&hellip;  <a href=\"https:\/\/agora.xtec.cat\/ies-baix-montseny\/general\/tots-dansen\/\" title=\"Read TOTS DANSEN\">Llegeix m\u00e9s\u00bb<\/a><\/p>\n","protected":false},"author":7,"featured_media":1626,"comment_status":"open","ping_status":"closed","sticky":false,"template":"","format":"standard","meta":{"_bbp_topic_count":0,"_bbp_reply_count":0,"_bbp_total_topic_count":0,"_bbp_total_reply_count":0,"_bbp_voice_count":0,"_bbp_anonymous_reply_count":0,"_bbp_topic_count_hidden":0,"_bbp_reply_count_hidden":0,"_bbp_forum_subforum_count":0,"footnotes":""},"categories":[6,64,3,1,29],"tags":[],"class_list":["post-1625","post","type-post","status-publish","format-standard","has-post-thumbnail","hentry","category-eso-3","category-activitats","category-eso","category-general","category-portada"],"post_mailing_queue_ids":[],"_links":{"self":[{"href":"https:\/\/agora.xtec.cat\/ies-baix-montseny\/wp-json\/wp\/v2\/posts\/1625","targetHints":{"allow":["GET"]}}],"collection":[{"href":"https:\/\/agora.xtec.cat\/ies-baix-montseny\/wp-json\/wp\/v2\/posts"}],"about":[{"href":"https:\/\/agora.xtec.cat\/ies-baix-montseny\/wp-json\/wp\/v2\/types\/post"}],"author":[{"embeddable":true,"href":"https:\/\/agora.xtec.cat\/ies-baix-montseny\/wp-json\/wp\/v2\/users\/7"}],"replies":[{"embeddable":true,"href":"https:\/\/agora.xtec.cat\/ies-baix-montseny\/wp-json\/wp\/v2\/comments?post=1625"}],"version-history":[{"count":1,"href":"https:\/\/agora.xtec.cat\/ies-baix-montseny\/wp-json\/wp\/v2\/posts\/1625\/revisions"}],"predecessor-version":[{"id":1627,"href":"https:\/\/agora.xtec.cat\/ies-baix-montseny\/wp-json\/wp\/v2\/posts\/1625\/revisions\/1627"}],"wp:featuredmedia":[{"embeddable":true,"href":"https:\/\/agora.xtec.cat\/ies-baix-montseny\/wp-json\/wp\/v2\/media\/1626"}],"wp:attachment":[{"href":"https:\/\/agora.xtec.cat\/ies-baix-montseny\/wp-json\/wp\/v2\/media?parent=1625"}],"wp:term":[{"taxonomy":"category","embeddable":true,"href":"https:\/\/agora.xtec.cat\/ies-baix-montseny\/wp-json\/wp\/v2\/categories?post=1625"},{"taxonomy":"post_tag","embeddable":true,"href":"https:\/\/agora.xtec.cat\/ies-baix-montseny\/wp-json\/wp\/v2\/tags?post=1625"}],"curies":[{"name":"wp","href":"https:\/\/api.w.org\/{rel}","templated":true}]}}