{"id":1620,"date":"2018-05-02T11:52:18","date_gmt":"2018-05-02T09:52:18","guid":{"rendered":"http:\/\/agora.xtec.cat\/ies-baix-montseny\/?p=1620"},"modified":"2018-05-02T11:55:05","modified_gmt":"2018-05-02T09:55:05","slug":"trobada-amical-de-mathausen-i-ajuntament-de-sabadell","status":"publish","type":"post","link":"https:\/\/agora.xtec.cat\/ies-baix-montseny\/general\/trobada-amical-de-mathausen-i-ajuntament-de-sabadell\/","title":{"rendered":"TROBADA AMICAL DE MATHAUSEN I AJUNTAMENT DE SABADELL"},"content":{"rendered":"<p>El divendres 27 d&#8217;abril, els alumnes de 2n de batxillerat que el curs passat van participar en el viatge al camp de concentraci\u00f3 de Mathausen i les alumnes de 1r de batxillerat que hi aniran aquest any, vam anar a Sabadell a la 6a trobada de Joves de la Xarxa Mai M\u00e9s. La trobada, organitzada per l&#8217;Amical de Mathausen i l&#8217;Ajuntament de Sabadell, vol ser el punt de trobada entre tot l&#8217;alumnat que participa amb l&#8217;Amical en diferents projectes de mem\u00f2ria i d&#8217;intercanvi d&#8217;experi\u00e8ncies art\u00edstiques i reflexions al voltant de l&#8217;exili i la deportaci\u00f3 als camps nazis.<\/p>\n<div dir=\"auto\">En aquesta trobada hi van participar m\u00e9s de 150 joves de centres educatius del pa\u00eds i de fora que formen part d&#8217;aquesta xarxa antifeixista.<\/div>\n<div dir=\"auto\"><\/div>\n<div dir=\"auto\">Tamb\u00e9\u00a0 es va recordar el bombardeig de Gernika i es va fer sonar la sirena que anunciava els bombardejos en record a les v\u00edctimes del 26 d&#8217;abril de 1937.<\/div>\n<div dir=\"auto\"><\/div>\n<div dir=\"auto\">Els nostres alumnes va explicar la hist\u00f2ria d&#8217;en Jaume Pujol\u00e0s, un celon\u00ed deportat a Mathausen.<\/div>\n<div dir=\"auto\"><\/div>\n<div dir=\"auto\"><a href=\"http:\/\/agora.xtec.cat\/ies-baix-montseny\/wp-content\/uploads\/usu1288\/2018\/05\/IMG-20180427-WA0019.jpg\"><img loading=\"lazy\" decoding=\"async\" class=\"alignnone size-large wp-image-1621\" src=\"http:\/\/agora.xtec.cat\/ies-baix-montseny\/wp-content\/uploads\/usu1288\/2018\/05\/IMG-20180427-WA0019-768x1024.jpg\" alt=\"\" width=\"768\" height=\"1024\" srcset=\"https:\/\/agora.xtec.cat\/ies-baix-montseny\/wp-content\/uploads\/usu1288\/2018\/05\/IMG-20180427-WA0019-768x1024.jpg 768w, https:\/\/agora.xtec.cat\/ies-baix-montseny\/wp-content\/uploads\/usu1288\/2018\/05\/IMG-20180427-WA0019-225x300.jpg 225w, https:\/\/agora.xtec.cat\/ies-baix-montseny\/wp-content\/uploads\/usu1288\/2018\/05\/IMG-20180427-WA0019.jpg 1200w\" sizes=\"auto, (max-width: 768px) 100vw, 768px\" \/><\/a><\/div>\n","protected":false},"excerpt":{"rendered":"<p>El divendres 27 d&#8217;abril, els alumnes de 2n de batxillerat que el curs passat van participar en el viatge al camp de concentraci\u00f3 de Mathausen i les alumnes de 1r de batxillerat que hi aniran aquest any, vam anar a Sabadell a la 6a trobada&hellip;  <a href=\"https:\/\/agora.xtec.cat\/ies-baix-montseny\/general\/trobada-amical-de-mathausen-i-ajuntament-de-sabadell\/\" title=\"Read TROBADA AMICAL DE MATHAUSEN I AJUNTAMENT DE SABADELL\">Llegeix m\u00e9s\u00bb<\/a><\/p>\n","protected":false},"author":7,"featured_media":1621,"comment_status":"open","ping_status":"closed","sticky":false,"template":"","format":"standard","meta":{"_bbp_topic_count":0,"_bbp_reply_count":0,"_bbp_total_topic_count":0,"_bbp_total_reply_count":0,"_bbp_voice_count":0,"_bbp_anonymous_reply_count":0,"_bbp_topic_count_hidden":0,"_bbp_reply_count_hidden":0,"_bbp_forum_subforum_count":0,"footnotes":""},"categories":[64,8,1,29,100],"tags":[],"class_list":["post-1620","post","type-post","status-publish","format-standard","has-post-thumbnail","hentry","category-activitats","category-batxillerat","category-general","category-portada","category-viatges"],"post_mailing_queue_ids":[],"_links":{"self":[{"href":"https:\/\/agora.xtec.cat\/ies-baix-montseny\/wp-json\/wp\/v2\/posts\/1620","targetHints":{"allow":["GET"]}}],"collection":[{"href":"https:\/\/agora.xtec.cat\/ies-baix-montseny\/wp-json\/wp\/v2\/posts"}],"about":[{"href":"https:\/\/agora.xtec.cat\/ies-baix-montseny\/wp-json\/wp\/v2\/types\/post"}],"author":[{"embeddable":true,"href":"https:\/\/agora.xtec.cat\/ies-baix-montseny\/wp-json\/wp\/v2\/users\/7"}],"replies":[{"embeddable":true,"href":"https:\/\/agora.xtec.cat\/ies-baix-montseny\/wp-json\/wp\/v2\/comments?post=1620"}],"version-history":[{"count":2,"href":"https:\/\/agora.xtec.cat\/ies-baix-montseny\/wp-json\/wp\/v2\/posts\/1620\/revisions"}],"predecessor-version":[{"id":1623,"href":"https:\/\/agora.xtec.cat\/ies-baix-montseny\/wp-json\/wp\/v2\/posts\/1620\/revisions\/1623"}],"wp:featuredmedia":[{"embeddable":true,"href":"https:\/\/agora.xtec.cat\/ies-baix-montseny\/wp-json\/wp\/v2\/media\/1621"}],"wp:attachment":[{"href":"https:\/\/agora.xtec.cat\/ies-baix-montseny\/wp-json\/wp\/v2\/media?parent=1620"}],"wp:term":[{"taxonomy":"category","embeddable":true,"href":"https:\/\/agora.xtec.cat\/ies-baix-montseny\/wp-json\/wp\/v2\/categories?post=1620"},{"taxonomy":"post_tag","embeddable":true,"href":"https:\/\/agora.xtec.cat\/ies-baix-montseny\/wp-json\/wp\/v2\/tags?post=1620"}],"curies":[{"name":"wp","href":"https:\/\/api.w.org\/{rel}","templated":true}]}}