{"id":1617,"date":"2018-05-02T11:50:21","date_gmt":"2018-05-02T09:50:21","guid":{"rendered":"http:\/\/agora.xtec.cat\/ies-baix-montseny\/?p=1617"},"modified":"2018-05-02T11:50:21","modified_gmt":"2018-05-02T09:50:21","slug":"delf-2","status":"publish","type":"post","link":"https:\/\/agora.xtec.cat\/ies-baix-montseny\/general\/delf-2\/","title":{"rendered":"DELF"},"content":{"rendered":"<p>Aquesta\u00a0setmana passada 9 alumnes de 1r de BAT i 7 alumnes de 4rt d&#8217;ESO s&#8217;han examinat del nivell B1 del DELF\u00a0 i una alumne de 4rt d&#8217;ESO del nivell A2. Sembla que ha anat for\u00e7a b\u00e9. Ara toca esperar el juny per saber els resultats. Aquest diploma els permetr\u00e0 demostrar el seu nivell de franc\u00e8s sigui per una feina o durant els seus estudis. Ha sigut intens per ells per\u00f2 es mereixen el diploma. Felicitats a tots i totes per fer aquest pas endavant!<\/p>\n<p><a href=\"http:\/\/agora.xtec.cat\/ies-baix-montseny\/wp-content\/uploads\/usu1288\/2018\/05\/IMG-20180427-WA0159.jpg\"><img loading=\"lazy\" decoding=\"async\" class=\"alignnone size-full wp-image-1618\" src=\"http:\/\/agora.xtec.cat\/ies-baix-montseny\/wp-content\/uploads\/usu1288\/2018\/05\/IMG-20180427-WA0159.jpg\" alt=\"\" width=\"223\" height=\"201\" \/><\/a><\/p>\n","protected":false},"excerpt":{"rendered":"<p>Aquesta\u00a0setmana passada 9 alumnes de 1r de BAT i 7 alumnes de 4rt d&#8217;ESO s&#8217;han examinat del nivell B1 del DELF\u00a0 i una alumne de 4rt d&#8217;ESO del nivell A2. Sembla que ha anat for\u00e7a b\u00e9. Ara toca esperar el juny per saber els resultats.&hellip;  <a href=\"https:\/\/agora.xtec.cat\/ies-baix-montseny\/general\/delf-2\/\" title=\"Read DELF\">Llegeix m\u00e9s\u00bb<\/a><\/p>\n","protected":false},"author":7,"featured_media":1618,"comment_status":"open","ping_status":"closed","sticky":false,"template":"","format":"standard","meta":{"_bbp_topic_count":0,"_bbp_reply_count":0,"_bbp_total_topic_count":0,"_bbp_total_reply_count":0,"_bbp_voice_count":0,"_bbp_anonymous_reply_count":0,"_bbp_topic_count_hidden":0,"_bbp_reply_count_hidden":0,"_bbp_forum_subforum_count":0,"footnotes":""},"categories":[7,64,8,3,1,29],"tags":[],"class_list":["post-1617","post","type-post","status-publish","format-standard","has-post-thumbnail","hentry","category-eso-4","category-activitats","category-batxillerat","category-eso","category-general","category-portada"],"post_mailing_queue_ids":[],"_links":{"self":[{"href":"https:\/\/agora.xtec.cat\/ies-baix-montseny\/wp-json\/wp\/v2\/posts\/1617","targetHints":{"allow":["GET"]}}],"collection":[{"href":"https:\/\/agora.xtec.cat\/ies-baix-montseny\/wp-json\/wp\/v2\/posts"}],"about":[{"href":"https:\/\/agora.xtec.cat\/ies-baix-montseny\/wp-json\/wp\/v2\/types\/post"}],"author":[{"embeddable":true,"href":"https:\/\/agora.xtec.cat\/ies-baix-montseny\/wp-json\/wp\/v2\/users\/7"}],"replies":[{"embeddable":true,"href":"https:\/\/agora.xtec.cat\/ies-baix-montseny\/wp-json\/wp\/v2\/comments?post=1617"}],"version-history":[{"count":1,"href":"https:\/\/agora.xtec.cat\/ies-baix-montseny\/wp-json\/wp\/v2\/posts\/1617\/revisions"}],"predecessor-version":[{"id":1619,"href":"https:\/\/agora.xtec.cat\/ies-baix-montseny\/wp-json\/wp\/v2\/posts\/1617\/revisions\/1619"}],"wp:featuredmedia":[{"embeddable":true,"href":"https:\/\/agora.xtec.cat\/ies-baix-montseny\/wp-json\/wp\/v2\/media\/1618"}],"wp:attachment":[{"href":"https:\/\/agora.xtec.cat\/ies-baix-montseny\/wp-json\/wp\/v2\/media?parent=1617"}],"wp:term":[{"taxonomy":"category","embeddable":true,"href":"https:\/\/agora.xtec.cat\/ies-baix-montseny\/wp-json\/wp\/v2\/categories?post=1617"},{"taxonomy":"post_tag","embeddable":true,"href":"https:\/\/agora.xtec.cat\/ies-baix-montseny\/wp-json\/wp\/v2\/tags?post=1617"}],"curies":[{"name":"wp","href":"https:\/\/api.w.org\/{rel}","templated":true}]}}