{"id":1608,"date":"2018-04-26T10:07:09","date_gmt":"2018-04-26T08:07:09","guid":{"rendered":"http:\/\/agora.xtec.cat\/ies-baix-montseny\/?p=1608"},"modified":"2018-04-26T10:07:09","modified_gmt":"2018-04-26T08:07:09","slug":"tots-dansen-3r-deso","status":"publish","type":"post","link":"https:\/\/agora.xtec.cat\/ies-baix-montseny\/general\/tots-dansen-3r-deso\/","title":{"rendered":"TOTS DANSEN 3r D&#8217;ESO"},"content":{"rendered":"<div class=\"\" data-block=\"true\" data-editor=\"eb0vd\" data-offset-key=\"f350-0-0\">\n<div class=\"_1mf _1mj\" data-offset-key=\"f350-0-0\">El passat dimarts 24 els alumnes de 3r Eso van fer l&#8217; assaig de mig proc\u00e9s de l&#8217; espectacle Tots dansen que preparen juntament amb l&#8217; institut Marta Estrada de Granollers.<\/div>\n<\/div>\n<div class=\"\" data-block=\"true\" data-editor=\"eb0vd\" data-offset-key=\"dlep9-0-0\">\n<div class=\"_1mf _1mj\" data-offset-key=\"dlep9-0-0\"><span data-offset-key=\"dlep9-0-0\">\u00a0<\/span><\/div>\n<\/div>\n<div class=\"\" data-block=\"true\" data-editor=\"eb0vd\" data-offset-key=\"cpvdr-0-0\">\n<div class=\"_1mf _1mj\" data-offset-key=\"cpvdr-0-0\"><span data-offset-key=\"cpvdr-0-0\">La representaci\u00f3 final la podran veure el 15 de maig els alumnes de 1r cicle de l&#8217; institut i a les 20h del vespre est\u00e0 oberta al p\u00fablic en general.<\/span><\/div>\n<\/div>\n<div class=\"\" data-block=\"true\" data-editor=\"eb0vd\" data-offset-key=\"3448k-0-0\">\n<div class=\"_1mf _1mj\" data-offset-key=\"3448k-0-0\"><span data-offset-key=\"3448k-0-0\">\u00a0<\/span><\/div>\n<\/div>\n<div class=\"\" data-block=\"true\" data-editor=\"eb0vd\" data-offset-key=\"acrbg-0-0\">\n<div class=\"_1mf _1mj\" data-offset-key=\"acrbg-0-0\"><span data-offset-key=\"acrbg-0-0\">Es poden comprar les entrades a la web de l\u00b4auditori ,www.auditoridegranollers.cat o a les mateixes taquilles del teatre al preu de 5\u20ac.<\/span><\/div>\n<div class=\"_1mf _1mj\" data-offset-key=\"acrbg-0-0\"><\/div>\n<\/div>\n<div class=\"\" data-block=\"true\" data-editor=\"eb0vd\" data-offset-key=\"b3hk0-0-0\">\n<div class=\"_1mf _1mj\" data-offset-key=\"b3hk0-0-0\"><span data-offset-key=\"b3hk0-0-0\">Desitgem que us agradi molt l\u00b4espectacle que hem estat treballant durant el segon i tercer trimestre des de l\u00b4\u00e0rea d\u00b4educaci\u00f3 f\u00edsica.<\/span><\/div>\n<\/div>\n<div class=\"_1mf _1mj\" data-offset-key=\"b3hk0-0-0\"><\/div>\n<div class=\"_1mf _1mj\" data-offset-key=\"b3hk0-0-0\"><a href=\"http:\/\/agora.xtec.cat\/ies-baix-montseny\/wp-content\/uploads\/usu1288\/2018\/04\/IMG_20180426_095619.jpg\"><img loading=\"lazy\" decoding=\"async\" class=\"alignnone size-large wp-image-1609\" src=\"http:\/\/agora.xtec.cat\/ies-baix-montseny\/wp-content\/uploads\/usu1288\/2018\/04\/IMG_20180426_095619-1024x1024.jpg\" alt=\"\" width=\"1024\" height=\"1024\" srcset=\"https:\/\/agora.xtec.cat\/ies-baix-montseny\/wp-content\/uploads\/usu1288\/2018\/04\/IMG_20180426_095619-1024x1024.jpg 1024w, https:\/\/agora.xtec.cat\/ies-baix-montseny\/wp-content\/uploads\/usu1288\/2018\/04\/IMG_20180426_095619-150x150.jpg 150w, https:\/\/agora.xtec.cat\/ies-baix-montseny\/wp-content\/uploads\/usu1288\/2018\/04\/IMG_20180426_095619-300x300.jpg 300w, https:\/\/agora.xtec.cat\/ies-baix-montseny\/wp-content\/uploads\/usu1288\/2018\/04\/IMG_20180426_095619-768x768.jpg 768w, https:\/\/agora.xtec.cat\/ies-baix-montseny\/wp-content\/uploads\/usu1288\/2018\/04\/IMG_20180426_095619.jpg 1564w\" sizes=\"auto, (max-width: 1024px) 100vw, 1024px\" \/><\/a><\/div>\n","protected":false},"excerpt":{"rendered":"<p>El passat dimarts 24 els alumnes de 3r Eso van fer l&#8217; assaig de mig proc\u00e9s de l&#8217; espectacle Tots dansen que preparen juntament amb l&#8217; institut Marta Estrada de Granollers.<\/p>\n<p>\u00a0<\/p>\n<p>La representaci\u00f3 final la podran veure el 15 de maig els alumnes de 1r cicle&hellip;  <a href=\"https:\/\/agora.xtec.cat\/ies-baix-montseny\/general\/tots-dansen-3r-deso\/\" title=\"Read TOTS DANSEN 3r D&#8217;ESO\">Llegeix m\u00e9s\u00bb<\/a><\/p>\n","protected":false},"author":7,"featured_media":1609,"comment_status":"open","ping_status":"closed","sticky":false,"template":"","format":"standard","meta":{"_bbp_topic_count":0,"_bbp_reply_count":0,"_bbp_total_topic_count":0,"_bbp_total_reply_count":0,"_bbp_voice_count":0,"_bbp_anonymous_reply_count":0,"_bbp_topic_count_hidden":0,"_bbp_reply_count_hidden":0,"_bbp_forum_subforum_count":0,"footnotes":""},"categories":[6,64,3,1,29,99],"tags":[],"class_list":["post-1608","post","type-post","status-publish","format-standard","has-post-thumbnail","hentry","category-eso-3","category-activitats","category-eso","category-general","category-portada","category-tallers"],"post_mailing_queue_ids":[],"_links":{"self":[{"href":"https:\/\/agora.xtec.cat\/ies-baix-montseny\/wp-json\/wp\/v2\/posts\/1608","targetHints":{"allow":["GET"]}}],"collection":[{"href":"https:\/\/agora.xtec.cat\/ies-baix-montseny\/wp-json\/wp\/v2\/posts"}],"about":[{"href":"https:\/\/agora.xtec.cat\/ies-baix-montseny\/wp-json\/wp\/v2\/types\/post"}],"author":[{"embeddable":true,"href":"https:\/\/agora.xtec.cat\/ies-baix-montseny\/wp-json\/wp\/v2\/users\/7"}],"replies":[{"embeddable":true,"href":"https:\/\/agora.xtec.cat\/ies-baix-montseny\/wp-json\/wp\/v2\/comments?post=1608"}],"version-history":[{"count":1,"href":"https:\/\/agora.xtec.cat\/ies-baix-montseny\/wp-json\/wp\/v2\/posts\/1608\/revisions"}],"predecessor-version":[{"id":1610,"href":"https:\/\/agora.xtec.cat\/ies-baix-montseny\/wp-json\/wp\/v2\/posts\/1608\/revisions\/1610"}],"wp:featuredmedia":[{"embeddable":true,"href":"https:\/\/agora.xtec.cat\/ies-baix-montseny\/wp-json\/wp\/v2\/media\/1609"}],"wp:attachment":[{"href":"https:\/\/agora.xtec.cat\/ies-baix-montseny\/wp-json\/wp\/v2\/media?parent=1608"}],"wp:term":[{"taxonomy":"category","embeddable":true,"href":"https:\/\/agora.xtec.cat\/ies-baix-montseny\/wp-json\/wp\/v2\/categories?post=1608"},{"taxonomy":"post_tag","embeddable":true,"href":"https:\/\/agora.xtec.cat\/ies-baix-montseny\/wp-json\/wp\/v2\/tags?post=1608"}],"curies":[{"name":"wp","href":"https:\/\/api.w.org\/{rel}","templated":true}]}}