{"id":1582,"date":"2018-04-23T12:39:59","date_gmt":"2018-04-23T10:39:59","guid":{"rendered":"http:\/\/agora.xtec.cat\/ies-baix-montseny\/?p=1582"},"modified":"2018-04-23T12:39:59","modified_gmt":"2018-04-23T10:39:59","slug":"sant-jordi-2018","status":"publish","type":"post","link":"https:\/\/agora.xtec.cat\/ies-baix-montseny\/general\/sant-jordi-2018\/","title":{"rendered":"SANT JORDI 2018"},"content":{"rendered":"<p>Que tingueu tots una feli\u00e7 diada de Sant Jordi!<\/p>\n<p>A l&#8217;Institut hem comen\u00e7at fent classe per\u00f2 despr\u00e8s hem gravat un Lipdub que podreu veure m\u00e9s endavant!<\/p>\n<p>Tamb\u00e9 hem muntat una Fira al pati de l&#8217;institut, un torneig d&#8217;escacs, de ping-pong, activitats esportives, balls i moltes coses m\u00e9s.<\/p>\n<div class=\"text_exposed_show\">\n<p>Al final del dia farem l&#8217;entrega de premis!<\/p>\n<p><a href=\"http:\/\/agora.xtec.cat\/ies-baix-montseny\/wp-content\/uploads\/usu1288\/2018\/04\/IMG_20180423_122433.jpg\"><img loading=\"lazy\" decoding=\"async\" class=\"alignnone size-large wp-image-1583\" src=\"http:\/\/agora.xtec.cat\/ies-baix-montseny\/wp-content\/uploads\/usu1288\/2018\/04\/IMG_20180423_122433-1024x1024.jpg\" alt=\"\" width=\"1024\" height=\"1024\" srcset=\"https:\/\/agora.xtec.cat\/ies-baix-montseny\/wp-content\/uploads\/usu1288\/2018\/04\/IMG_20180423_122433-1024x1024.jpg 1024w, https:\/\/agora.xtec.cat\/ies-baix-montseny\/wp-content\/uploads\/usu1288\/2018\/04\/IMG_20180423_122433-150x150.jpg 150w, https:\/\/agora.xtec.cat\/ies-baix-montseny\/wp-content\/uploads\/usu1288\/2018\/04\/IMG_20180423_122433-300x300.jpg 300w, https:\/\/agora.xtec.cat\/ies-baix-montseny\/wp-content\/uploads\/usu1288\/2018\/04\/IMG_20180423_122433-768x768.jpg 768w, https:\/\/agora.xtec.cat\/ies-baix-montseny\/wp-content\/uploads\/usu1288\/2018\/04\/IMG_20180423_122433.jpg 1564w\" sizes=\"auto, (max-width: 1024px) 100vw, 1024px\" \/><\/a> <a href=\"http:\/\/agora.xtec.cat\/ies-baix-montseny\/wp-content\/uploads\/usu1288\/2018\/04\/IMG_20180423_122610.jpg\"><img loading=\"lazy\" decoding=\"async\" class=\"alignnone size-large wp-image-1584\" src=\"http:\/\/agora.xtec.cat\/ies-baix-montseny\/wp-content\/uploads\/usu1288\/2018\/04\/IMG_20180423_122610-1024x1024.jpg\" alt=\"\" width=\"1024\" height=\"1024\" srcset=\"https:\/\/agora.xtec.cat\/ies-baix-montseny\/wp-content\/uploads\/usu1288\/2018\/04\/IMG_20180423_122610-1024x1024.jpg 1024w, https:\/\/agora.xtec.cat\/ies-baix-montseny\/wp-content\/uploads\/usu1288\/2018\/04\/IMG_20180423_122610-150x150.jpg 150w, https:\/\/agora.xtec.cat\/ies-baix-montseny\/wp-content\/uploads\/usu1288\/2018\/04\/IMG_20180423_122610-300x300.jpg 300w, https:\/\/agora.xtec.cat\/ies-baix-montseny\/wp-content\/uploads\/usu1288\/2018\/04\/IMG_20180423_122610-768x768.jpg 768w, https:\/\/agora.xtec.cat\/ies-baix-montseny\/wp-content\/uploads\/usu1288\/2018\/04\/IMG_20180423_122610.jpg 1564w\" sizes=\"auto, (max-width: 1024px) 100vw, 1024px\" \/><\/a><\/p>\n<\/div>\n","protected":false},"excerpt":{"rendered":"<p>Que tingueu tots una feli\u00e7 diada de Sant Jordi!<br \/>\nA l&#8217;Institut hem comen\u00e7at fent classe per\u00f2 despr\u00e8s hem gravat un Lipdub que podreu veure m\u00e9s endavant!<br \/>\nTamb\u00e9 hem muntat una Fira al pati de l&#8217;institut, un torneig d&#8217;escacs, de ping-pong, activitats esportives, balls i moltes coses m\u00e9s.<\/p>\n<p>Al&hellip;  <a href=\"https:\/\/agora.xtec.cat\/ies-baix-montseny\/general\/sant-jordi-2018\/\" title=\"Read SANT JORDI 2018\">Llegeix m\u00e9s\u00bb<\/a><\/p>\n","protected":false},"author":7,"featured_media":1583,"comment_status":"open","ping_status":"closed","sticky":false,"template":"","format":"standard","meta":{"_bbp_topic_count":0,"_bbp_reply_count":0,"_bbp_total_topic_count":0,"_bbp_total_reply_count":0,"_bbp_voice_count":0,"_bbp_anonymous_reply_count":0,"_bbp_topic_count_hidden":0,"_bbp_reply_count_hidden":0,"_bbp_forum_subforum_count":0,"footnotes":""},"categories":[64,3,1,29,99],"tags":[],"class_list":["post-1582","post","type-post","status-publish","format-standard","has-post-thumbnail","hentry","category-activitats","category-eso","category-general","category-portada","category-tallers"],"post_mailing_queue_ids":[],"_links":{"self":[{"href":"https:\/\/agora.xtec.cat\/ies-baix-montseny\/wp-json\/wp\/v2\/posts\/1582","targetHints":{"allow":["GET"]}}],"collection":[{"href":"https:\/\/agora.xtec.cat\/ies-baix-montseny\/wp-json\/wp\/v2\/posts"}],"about":[{"href":"https:\/\/agora.xtec.cat\/ies-baix-montseny\/wp-json\/wp\/v2\/types\/post"}],"author":[{"embeddable":true,"href":"https:\/\/agora.xtec.cat\/ies-baix-montseny\/wp-json\/wp\/v2\/users\/7"}],"replies":[{"embeddable":true,"href":"https:\/\/agora.xtec.cat\/ies-baix-montseny\/wp-json\/wp\/v2\/comments?post=1582"}],"version-history":[{"count":1,"href":"https:\/\/agora.xtec.cat\/ies-baix-montseny\/wp-json\/wp\/v2\/posts\/1582\/revisions"}],"predecessor-version":[{"id":1585,"href":"https:\/\/agora.xtec.cat\/ies-baix-montseny\/wp-json\/wp\/v2\/posts\/1582\/revisions\/1585"}],"wp:featuredmedia":[{"embeddable":true,"href":"https:\/\/agora.xtec.cat\/ies-baix-montseny\/wp-json\/wp\/v2\/media\/1583"}],"wp:attachment":[{"href":"https:\/\/agora.xtec.cat\/ies-baix-montseny\/wp-json\/wp\/v2\/media?parent=1582"}],"wp:term":[{"taxonomy":"category","embeddable":true,"href":"https:\/\/agora.xtec.cat\/ies-baix-montseny\/wp-json\/wp\/v2\/categories?post=1582"},{"taxonomy":"post_tag","embeddable":true,"href":"https:\/\/agora.xtec.cat\/ies-baix-montseny\/wp-json\/wp\/v2\/tags?post=1582"}],"curies":[{"name":"wp","href":"https:\/\/api.w.org\/{rel}","templated":true}]}}