{"id":1566,"date":"2018-04-16T12:12:51","date_gmt":"2018-04-16T10:12:51","guid":{"rendered":"http:\/\/agora.xtec.cat\/ies-baix-montseny\/?p=1566"},"modified":"2018-04-16T12:12:51","modified_gmt":"2018-04-16T10:12:51","slug":"portes-obertes-postobligatoria","status":"publish","type":"post","link":"https:\/\/agora.xtec.cat\/ies-baix-montseny\/general\/portes-obertes-postobligatoria\/","title":{"rendered":"PORTES OBERTES POSTOBLIGAT\u00d2RIA"},"content":{"rendered":"<p style=\"font-weight: 400;\">Us comuniquem que el proper dissabte 5 de maig a les 10 hores tindr\u00e0 lloc la jornada de portes de postobligat\u00f2ria a l&#8217;Institut Baix Montseny. Us explicarem el projecte educatiu i el funcionament del Batxillerat i els Cicles Formatius que oferim a l&#8217;Institut:<\/p>\n<ul>\n<li style=\"font-weight: 400;\">BATXILLERAT (3 modalitats): Humanitats, Ci\u00e8ncies Socials i Ci\u00e8ncies i Tecnologia<\/li>\n<li style=\"font-weight: 400;\">CFGM. Gesti\u00f3 Administrativa<\/li>\n<li style=\"font-weight: 400;\">CFGM. Manteniment Electromec\u00e0nic<\/li>\n<li style=\"font-weight: 400;\">CFGS. Qu\u00edmica Industrial (FP DUAL)<\/li>\n<li style=\"font-weight: 400;\">CFGS Mecatr\u00f2nica Industrial (FP DUAL)<\/li>\n<\/ul>\n<p style=\"font-weight: 400;\">Volem recordar que la vostra assist\u00e8ncia \u00e9s molt important per tal que conegueu de primera m\u00e0 tota la informaci\u00f3 que fa refer\u00e8ncia a l&#8217;educaci\u00f3 i\u00a0a l&#8217; aprenentatge dels vostres fills\/es.<\/p>\n<p style=\"font-weight: 400;\">A continuaci\u00f3 us adjuntem\u00a0els tr\u00edptics amb les informacions m\u00e9s rellevants.<\/p>\n<p style=\"font-weight: 400;\">Us hi esperem!<\/p>\n<p style=\"font-weight: 400;\"><a href=\"http:\/\/agora.xtec.cat\/ies-baix-montseny\/wp-content\/uploads\/usu1288\/2018\/04\/CartellCicles2018W.jpg\"><img loading=\"lazy\" decoding=\"async\" class=\"alignnone size-large wp-image-1568\" src=\"http:\/\/agora.xtec.cat\/ies-baix-montseny\/wp-content\/uploads\/usu1288\/2018\/04\/CartellCicles2018W-720x1024.jpg\" alt=\"\" width=\"720\" height=\"1024\" srcset=\"https:\/\/agora.xtec.cat\/ies-baix-montseny\/wp-content\/uploads\/usu1288\/2018\/04\/CartellCicles2018W-720x1024.jpg 720w, https:\/\/agora.xtec.cat\/ies-baix-montseny\/wp-content\/uploads\/usu1288\/2018\/04\/CartellCicles2018W-211x300.jpg 211w, https:\/\/agora.xtec.cat\/ies-baix-montseny\/wp-content\/uploads\/usu1288\/2018\/04\/CartellCicles2018W-768x1092.jpg 768w, https:\/\/agora.xtec.cat\/ies-baix-montseny\/wp-content\/uploads\/usu1288\/2018\/04\/CartellCicles2018W.jpg 1181w\" sizes=\"auto, (max-width: 720px) 100vw, 720px\" \/><\/a><\/p>\n<p style=\"font-weight: 400;\"><a href=\"http:\/\/agora.xtec.cat\/ies-baix-montseny\/wp-content\/uploads\/usu1288\/2018\/04\/Triptic-Batxillerat-18-19-1.pdf\">Triptic Batxillerat 18-19<\/a><\/p>\n<p style=\"font-weight: 400;\"><a href=\"http:\/\/agora.xtec.cat\/ies-baix-montseny\/wp-content\/uploads\/usu1288\/2018\/04\/CFGSMecatr\u00f2nicaIndustrial_2018.pdf\">CFGSMecatr\u00f2nicaIndustrial_2018<\/a><\/p>\n<p style=\"font-weight: 400;\"><a href=\"http:\/\/agora.xtec.cat\/ies-baix-montseny\/wp-content\/uploads\/usu1288\/2018\/04\/CFGSCicleFormatiuQu\u00edmica2018-1.pdf\">CFGSCicleFormatiuQu\u00edmica2018 (1)<\/a><\/p>\n<p style=\"font-weight: 400;\"><a href=\"http:\/\/agora.xtec.cat\/ies-baix-montseny\/wp-content\/uploads\/usu1288\/2018\/04\/CFGMMantenimentElectromec\u00e0nic_2018.pdf\">CFGMMantenimentElectromec\u00e0nic_2018<\/a><\/p>\n<p style=\"font-weight: 400;\"><a href=\"http:\/\/agora.xtec.cat\/ies-baix-montseny\/wp-content\/uploads\/usu1288\/2018\/04\/CFGMGesti\u00f3Administrativa_2018.pdf\">CFGMGesti\u00f3Administrativa_2018<\/a><\/p>\n<p style=\"font-weight: 400;\">\n","protected":false},"excerpt":{"rendered":"<p>Us comuniquem que el proper dissabte 5 de maig a les 10 hores tindr\u00e0 lloc la jornada de portes de postobligat\u00f2ria a l&#8217;Institut Baix Montseny. Us explicarem el projecte educatiu i el funcionament del Batxillerat i els Cicles Formatius que oferim a l&#8217;Institut:<\/p>\n<ul>\n<li style=\"font-weight: 400;\">BATXILLERAT&hellip;  <a href=\"https:\/\/agora.xtec.cat\/ies-baix-montseny\/general\/portes-obertes-postobligatoria\/\" title=\"Read PORTES OBERTES POSTOBLIGAT\u00d2RIA\">Llegeix m\u00e9s\u00bb<\/a><br \/>\n","protected":false},"author":7,"featured_media":1568,"comment_status":"open","ping_status":"closed","sticky":false,"template":"","format":"standard","meta":{"_bbp_topic_count":0,"_bbp_reply_count":0,"_bbp_total_topic_count":0,"_bbp_total_reply_count":0,"_bbp_voice_count":0,"_bbp_anonymous_reply_count":0,"_bbp_topic_count_hidden":0,"_bbp_reply_count_hidden":0,"_bbp_forum_subforum_count":0,"footnotes":""},"categories":[8,30,1,29],"tags":[],"class_list":["post-1566","post","type-post","status-publish","format-standard","has-post-thumbnail","hentry","category-batxillerat","category-cicles-formatius","category-general","category-portada"],"post_mailing_queue_ids":[],"_links":{"self":[{"href":"https:\/\/agora.xtec.cat\/ies-baix-montseny\/wp-json\/wp\/v2\/posts\/1566","targetHints":{"allow":["GET"]}}],"collection":[{"href":"https:\/\/agora.xtec.cat\/ies-baix-montseny\/wp-json\/wp\/v2\/posts"}],"about":[{"href":"https:\/\/agora.xtec.cat\/ies-baix-montseny\/wp-json\/wp\/v2\/types\/post"}],"author":[{"embeddable":true,"href":"https:\/\/agora.xtec.cat\/ies-baix-montseny\/wp-json\/wp\/v2\/users\/7"}],"replies":[{"embeddable":true,"href":"https:\/\/agora.xtec.cat\/ies-baix-montseny\/wp-json\/wp\/v2\/comments?post=1566"}],"version-history":[{"count":1,"href":"https:\/\/agora.xtec.cat\/ies-baix-montseny\/wp-json\/wp\/v2\/posts\/1566\/revisions"}],"predecessor-version":[{"id":1574,"href":"https:\/\/agora.xtec.cat\/ies-baix-montseny\/wp-json\/wp\/v2\/posts\/1566\/revisions\/1574"}],"wp:featuredmedia":[{"embeddable":true,"href":"https:\/\/agora.xtec.cat\/ies-baix-montseny\/wp-json\/wp\/v2\/media\/1568"}],"wp:attachment":[{"href":"https:\/\/agora.xtec.cat\/ies-baix-montseny\/wp-json\/wp\/v2\/media?parent=1566"}],"wp:term":[{"taxonomy":"category","embeddable":true,"href":"https:\/\/agora.xtec.cat\/ies-baix-montseny\/wp-json\/wp\/v2\/categories?post=1566"},{"taxonomy":"post_tag","embeddable":true,"href":"https:\/\/agora.xtec.cat\/ies-baix-montseny\/wp-json\/wp\/v2\/tags?post=1566"}],"curies":[{"name":"wp","href":"https:\/\/api.w.org\/{rel}","templated":true}]}}