{"id":1551,"date":"2018-04-12T12:06:30","date_gmt":"2018-04-12T10:06:30","guid":{"rendered":"http:\/\/agora.xtec.cat\/ies-baix-montseny\/?p=1551"},"modified":"2018-04-12T12:06:30","modified_gmt":"2018-04-12T10:06:30","slug":"projecte-de-radio-1r-deso","status":"publish","type":"post","link":"https:\/\/agora.xtec.cat\/ies-baix-montseny\/general\/projecte-de-radio-1r-deso\/","title":{"rendered":"PROJECTE DE R\u00c0DIO 1r D\u2019ESO"},"content":{"rendered":"<p>Els alumnes de 1r d\u2019ESO estan treballant la r\u00e0dio des de la mat\u00e8ria de Projectes. A continuaci\u00f3 us fem arribar un enlla\u00e7 dels programes de r\u00e0dio que han gravat a\u00a0 R\u00e0dio Sant Celoni. Han comen\u00e7at a emetre les gravacions aquest dimecres, i ho faran tamb\u00e9 el proper 18 i 25 d&#8217;abril a les 21,30 vespre.<\/p>\n<p>Es poden descarregar els \u00e0udios del web\u00a0<a href=\"http:\/\/www.radiosantceloni.cat\/\">www.radiosantceloni.cat<\/a>\u00a0a l\u2019apartat de programes-escoles a la r\u00e0dio.<\/p>\n<p>A continuaci\u00f3 teniu els enlla\u00e7os on es pot sentir els \u00e0udios d&#8217;ahir: <a href=\"http:\/\/www.radiosantceloni.cat\/#\/programs\/lesescolesalaradio\/punt7radiosantceloni_podcast_925\">http:\/\/www.radiosantceloni.cat\/#\/programs\/lesescolesalaradio\/punt7radiosantceloni_podcast_925<\/a><\/p>\n<p>Us ho recomanem perqu\u00e8 parlen d&#8217;activitats i com treballem a 1r d\u2019ESO!<\/p>\n<p><a href=\"http:\/\/agora.xtec.cat\/ies-baix-montseny\/wp-content\/uploads\/usu1288\/2018\/04\/r\u00e0dio.png\"><img loading=\"lazy\" decoding=\"async\" class=\"alignnone size-full wp-image-1552\" src=\"http:\/\/agora.xtec.cat\/ies-baix-montseny\/wp-content\/uploads\/usu1288\/2018\/04\/r\u00e0dio.png\" alt=\"\" width=\"359\" height=\"120\" srcset=\"https:\/\/agora.xtec.cat\/ies-baix-montseny\/wp-content\/uploads\/usu1288\/2018\/04\/r\u00e0dio.png 359w, https:\/\/agora.xtec.cat\/ies-baix-montseny\/wp-content\/uploads\/usu1288\/2018\/04\/r\u00e0dio-300x100.png 300w\" sizes=\"auto, (max-width: 359px) 100vw, 359px\" \/><\/a><\/p>\n","protected":false},"excerpt":{"rendered":"<p>Els alumnes de 1r d\u2019ESO estan treballant la r\u00e0dio des de la mat\u00e8ria de Projectes. A continuaci\u00f3 us fem arribar un enlla\u00e7 dels programes de r\u00e0dio que han gravat a\u00a0 R\u00e0dio Sant Celoni. Han comen\u00e7at a emetre les gravacions aquest dimecres, i ho faran tamb\u00e9&hellip;  <a href=\"https:\/\/agora.xtec.cat\/ies-baix-montseny\/general\/projecte-de-radio-1r-deso\/\" title=\"Read PROJECTE DE R\u00c0DIO 1r D\u2019ESO\">Llegeix m\u00e9s\u00bb<\/a><\/p>\n","protected":false},"author":7,"featured_media":1552,"comment_status":"open","ping_status":"closed","sticky":false,"template":"","format":"standard","meta":{"_bbp_topic_count":0,"_bbp_reply_count":0,"_bbp_total_topic_count":0,"_bbp_total_reply_count":0,"_bbp_voice_count":0,"_bbp_anonymous_reply_count":0,"_bbp_topic_count_hidden":0,"_bbp_reply_count_hidden":0,"_bbp_forum_subforum_count":0,"footnotes":""},"categories":[4,64,3,1,29],"tags":[],"class_list":["post-1551","post","type-post","status-publish","format-standard","has-post-thumbnail","hentry","category-eso-1","category-activitats","category-eso","category-general","category-portada"],"post_mailing_queue_ids":[],"_links":{"self":[{"href":"https:\/\/agora.xtec.cat\/ies-baix-montseny\/wp-json\/wp\/v2\/posts\/1551","targetHints":{"allow":["GET"]}}],"collection":[{"href":"https:\/\/agora.xtec.cat\/ies-baix-montseny\/wp-json\/wp\/v2\/posts"}],"about":[{"href":"https:\/\/agora.xtec.cat\/ies-baix-montseny\/wp-json\/wp\/v2\/types\/post"}],"author":[{"embeddable":true,"href":"https:\/\/agora.xtec.cat\/ies-baix-montseny\/wp-json\/wp\/v2\/users\/7"}],"replies":[{"embeddable":true,"href":"https:\/\/agora.xtec.cat\/ies-baix-montseny\/wp-json\/wp\/v2\/comments?post=1551"}],"version-history":[{"count":1,"href":"https:\/\/agora.xtec.cat\/ies-baix-montseny\/wp-json\/wp\/v2\/posts\/1551\/revisions"}],"predecessor-version":[{"id":1553,"href":"https:\/\/agora.xtec.cat\/ies-baix-montseny\/wp-json\/wp\/v2\/posts\/1551\/revisions\/1553"}],"wp:featuredmedia":[{"embeddable":true,"href":"https:\/\/agora.xtec.cat\/ies-baix-montseny\/wp-json\/wp\/v2\/media\/1552"}],"wp:attachment":[{"href":"https:\/\/agora.xtec.cat\/ies-baix-montseny\/wp-json\/wp\/v2\/media?parent=1551"}],"wp:term":[{"taxonomy":"category","embeddable":true,"href":"https:\/\/agora.xtec.cat\/ies-baix-montseny\/wp-json\/wp\/v2\/categories?post=1551"},{"taxonomy":"post_tag","embeddable":true,"href":"https:\/\/agora.xtec.cat\/ies-baix-montseny\/wp-json\/wp\/v2\/tags?post=1551"}],"curies":[{"name":"wp","href":"https:\/\/api.w.org\/{rel}","templated":true}]}}