{"id":1481,"date":"2018-03-20T22:21:41","date_gmt":"2018-03-20T21:21:41","guid":{"rendered":"http:\/\/agora.xtec.cat\/ies-baix-montseny\/?p=1481"},"modified":"2018-03-20T22:21:41","modified_gmt":"2018-03-20T21:21:41","slug":"alumnes-intercanvi-frances-2","status":"publish","type":"post","link":"https:\/\/agora.xtec.cat\/ies-baix-montseny\/general\/alumnes-intercanvi-frances-2\/","title":{"rendered":"ALUMNES INTERCANVI FRANC\u00c8S"},"content":{"rendered":"<div class=\"\" data-block=\"true\" data-editor=\"928nh\" data-offset-key=\"4fstn-0-0\">\n<div class=\"_1mf _1mj\" data-offset-key=\"4fstn-0-0\">Aquest mat\u00ed els alumnes han anat a la ciutat de la xocolata on han pogut tastar moltes varietats.<\/div>\n<\/div>\n<div class=\"\" data-block=\"true\" data-editor=\"928nh\" data-offset-key=\"550ql-0-0\">\n<div class=\"_1mf _1mj\" data-offset-key=\"550ql-0-0\"><\/div>\n<div class=\"_1mf _1mj\" data-offset-key=\"550ql-0-0\"><span data-offset-key=\"550ql-0-0\">Per la tarda han participat en una trobada esportiva amb els seus corresponsals. Al final hi ha hagut una entrega de medalles. <\/span><\/div>\n<\/div>\n<div class=\"\" data-block=\"true\" data-editor=\"928nh\" data-offset-key=\"2ve66-0-0\">\n<div class=\"_1mf _1mj\" data-offset-key=\"2ve66-0-0\"><\/div>\n<div class=\"_1mf _1mj\" data-offset-key=\"2ve66-0-0\"><span data-offset-key=\"2ve66-0-0\">Ara a descansar, dem\u00e0 passaran el mat\u00ed a l&#8217;institut franc\u00e8s assistint a classes!<\/span><\/div>\n<\/div>\n<div class=\"_1mf _1mj\" data-offset-key=\"2ve66-0-0\"><\/div>\n<div class=\"_1mf _1mj\" data-offset-key=\"2ve66-0-0\"><a href=\"http:\/\/agora.xtec.cat\/ies-baix-montseny\/wp-content\/uploads\/usu1288\/2018\/03\/20180320_213102.jpg\"><img loading=\"lazy\" decoding=\"async\" class=\"alignnone size-large wp-image-1482\" src=\"http:\/\/agora.xtec.cat\/ies-baix-montseny\/wp-content\/uploads\/usu1288\/2018\/03\/20180320_213102-1024x1024.jpg\" alt=\"\" width=\"1024\" height=\"1024\" srcset=\"https:\/\/agora.xtec.cat\/ies-baix-montseny\/wp-content\/uploads\/usu1288\/2018\/03\/20180320_213102-1024x1024.jpg 1024w, https:\/\/agora.xtec.cat\/ies-baix-montseny\/wp-content\/uploads\/usu1288\/2018\/03\/20180320_213102-150x150.jpg 150w, https:\/\/agora.xtec.cat\/ies-baix-montseny\/wp-content\/uploads\/usu1288\/2018\/03\/20180320_213102-300x300.jpg 300w, https:\/\/agora.xtec.cat\/ies-baix-montseny\/wp-content\/uploads\/usu1288\/2018\/03\/20180320_213102-768x768.jpg 768w\" sizes=\"auto, (max-width: 1024px) 100vw, 1024px\" \/><\/a><\/div>\n","protected":false},"excerpt":{"rendered":"<p>Aquest mat\u00ed els alumnes han anat a la ciutat de la xocolata on han pogut tastar moltes varietats.<\/p>\n<p>Per la tarda han participat en una trobada esportiva amb els seus corresponsals. Al final hi ha hagut una entrega de medalles. <\/p>\n<p>Ara a descansar, dem\u00e0 passaran el&hellip;  <a href=\"https:\/\/agora.xtec.cat\/ies-baix-montseny\/general\/alumnes-intercanvi-frances-2\/\" title=\"Read ALUMNES INTERCANVI FRANC\u00c8S\">Llegeix m\u00e9s\u00bb<\/a><\/p>\n","protected":false},"author":7,"featured_media":1482,"comment_status":"open","ping_status":"closed","sticky":false,"template":"","format":"standard","meta":{"_bbp_topic_count":0,"_bbp_reply_count":0,"_bbp_total_topic_count":0,"_bbp_total_reply_count":0,"_bbp_voice_count":0,"_bbp_anonymous_reply_count":0,"_bbp_topic_count_hidden":0,"_bbp_reply_count_hidden":0,"_bbp_forum_subforum_count":0,"footnotes":""},"categories":[6,64,3,1,29,100],"tags":[],"class_list":["post-1481","post","type-post","status-publish","format-standard","has-post-thumbnail","hentry","category-eso-3","category-activitats","category-eso","category-general","category-portada","category-viatges"],"post_mailing_queue_ids":[],"_links":{"self":[{"href":"https:\/\/agora.xtec.cat\/ies-baix-montseny\/wp-json\/wp\/v2\/posts\/1481","targetHints":{"allow":["GET"]}}],"collection":[{"href":"https:\/\/agora.xtec.cat\/ies-baix-montseny\/wp-json\/wp\/v2\/posts"}],"about":[{"href":"https:\/\/agora.xtec.cat\/ies-baix-montseny\/wp-json\/wp\/v2\/types\/post"}],"author":[{"embeddable":true,"href":"https:\/\/agora.xtec.cat\/ies-baix-montseny\/wp-json\/wp\/v2\/users\/7"}],"replies":[{"embeddable":true,"href":"https:\/\/agora.xtec.cat\/ies-baix-montseny\/wp-json\/wp\/v2\/comments?post=1481"}],"version-history":[{"count":1,"href":"https:\/\/agora.xtec.cat\/ies-baix-montseny\/wp-json\/wp\/v2\/posts\/1481\/revisions"}],"predecessor-version":[{"id":1483,"href":"https:\/\/agora.xtec.cat\/ies-baix-montseny\/wp-json\/wp\/v2\/posts\/1481\/revisions\/1483"}],"wp:featuredmedia":[{"embeddable":true,"href":"https:\/\/agora.xtec.cat\/ies-baix-montseny\/wp-json\/wp\/v2\/media\/1482"}],"wp:attachment":[{"href":"https:\/\/agora.xtec.cat\/ies-baix-montseny\/wp-json\/wp\/v2\/media?parent=1481"}],"wp:term":[{"taxonomy":"category","embeddable":true,"href":"https:\/\/agora.xtec.cat\/ies-baix-montseny\/wp-json\/wp\/v2\/categories?post=1481"},{"taxonomy":"post_tag","embeddable":true,"href":"https:\/\/agora.xtec.cat\/ies-baix-montseny\/wp-json\/wp\/v2\/tags?post=1481"}],"curies":[{"name":"wp","href":"https:\/\/api.w.org\/{rel}","templated":true}]}}