{"id":1478,"date":"2018-03-20T14:43:54","date_gmt":"2018-03-20T13:43:54","guid":{"rendered":"http:\/\/agora.xtec.cat\/ies-baix-montseny\/?p=1478"},"modified":"2018-03-20T14:43:54","modified_gmt":"2018-03-20T13:43:54","slug":"projecte-gegantons","status":"publish","type":"post","link":"https:\/\/agora.xtec.cat\/ies-baix-montseny\/general\/projecte-gegantons\/","title":{"rendered":"PROJECTE GEGANTONS"},"content":{"rendered":"<div class=\"\" data-block=\"true\" data-editor=\"m6kt\" data-offset-key=\"eqo3q-0-0\">\n<div class=\"_1mf _1mj\" data-offset-key=\"eqo3q-0-0\"><span data-offset-key=\"eqo3q-0-0\">Avui els alumnes de Projecte Acci\u00f3 han comen\u00e7at a reparar els gegantons de l&#8217;Institut. Aquesta acci\u00f3 forma part del projecte que estem preparant pels alumnes d&#8217;educaci\u00f3 infantil de l&#8217;Escola Soler de Vilardell.<\/span><\/div>\n<\/div>\n<div class=\"\" data-block=\"true\" data-editor=\"m6kt\" data-offset-key=\"afh7k-0-0\">\n<div class=\"_1mf _1mj\" data-offset-key=\"afh7k-0-0\"><span data-offset-key=\"afh7k-0-0\">L&#8217;acci\u00f3 consistir\u00e0 en fer una rua al pati de l&#8217;Escola (per P3, P4 i P5) i desp\u00e8s uns tallers a l&#8217;aula relacionats amb els gegants. Quan es porti a terme us en farem una petita mostra!<\/span><\/div>\n<div class=\"_1mf _1mj\" data-offset-key=\"afh7k-0-0\"><a href=\"http:\/\/agora.xtec.cat\/ies-baix-montseny\/wp-content\/uploads\/usu1288\/2018\/03\/IMG_20180320_135725.jpg\"><img loading=\"lazy\" decoding=\"async\" class=\"alignnone size-large wp-image-1479\" src=\"http:\/\/agora.xtec.cat\/ies-baix-montseny\/wp-content\/uploads\/usu1288\/2018\/03\/IMG_20180320_135725-1024x1024.jpg\" alt=\"\" width=\"1024\" height=\"1024\" srcset=\"https:\/\/agora.xtec.cat\/ies-baix-montseny\/wp-content\/uploads\/usu1288\/2018\/03\/IMG_20180320_135725-1024x1024.jpg 1024w, https:\/\/agora.xtec.cat\/ies-baix-montseny\/wp-content\/uploads\/usu1288\/2018\/03\/IMG_20180320_135725-150x150.jpg 150w, https:\/\/agora.xtec.cat\/ies-baix-montseny\/wp-content\/uploads\/usu1288\/2018\/03\/IMG_20180320_135725-300x300.jpg 300w, https:\/\/agora.xtec.cat\/ies-baix-montseny\/wp-content\/uploads\/usu1288\/2018\/03\/IMG_20180320_135725-768x768.jpg 768w, https:\/\/agora.xtec.cat\/ies-baix-montseny\/wp-content\/uploads\/usu1288\/2018\/03\/IMG_20180320_135725.jpg 1564w\" sizes=\"auto, (max-width: 1024px) 100vw, 1024px\" \/><\/a><\/div>\n<\/div>\n","protected":false},"excerpt":{"rendered":"<p>Avui els alumnes de Projecte Acci\u00f3 han comen\u00e7at a reparar els gegantons de l&#8217;Institut. Aquesta acci\u00f3 forma part del projecte que estem preparant pels alumnes d&#8217;educaci\u00f3 infantil de l&#8217;Escola Soler de Vilardell.<\/p>\n<p>L&#8217;acci\u00f3 consistir\u00e0 en fer una rua al pati de l&#8217;Escola (per P3, P4 i&hellip;  <a href=\"https:\/\/agora.xtec.cat\/ies-baix-montseny\/general\/projecte-gegantons\/\" title=\"Read PROJECTE GEGANTONS\">Llegeix m\u00e9s\u00bb<\/a><\/p>\n","protected":false},"author":7,"featured_media":1479,"comment_status":"open","ping_status":"closed","sticky":false,"template":"","format":"standard","meta":{"_bbp_topic_count":0,"_bbp_reply_count":0,"_bbp_total_topic_count":0,"_bbp_total_reply_count":0,"_bbp_voice_count":0,"_bbp_anonymous_reply_count":0,"_bbp_topic_count_hidden":0,"_bbp_reply_count_hidden":0,"_bbp_forum_subforum_count":0,"footnotes":""},"categories":[6,7,64,3,1,29,99],"tags":[],"class_list":["post-1478","post","type-post","status-publish","format-standard","has-post-thumbnail","hentry","category-eso-3","category-eso-4","category-activitats","category-eso","category-general","category-portada","category-tallers"],"post_mailing_queue_ids":[],"_links":{"self":[{"href":"https:\/\/agora.xtec.cat\/ies-baix-montseny\/wp-json\/wp\/v2\/posts\/1478","targetHints":{"allow":["GET"]}}],"collection":[{"href":"https:\/\/agora.xtec.cat\/ies-baix-montseny\/wp-json\/wp\/v2\/posts"}],"about":[{"href":"https:\/\/agora.xtec.cat\/ies-baix-montseny\/wp-json\/wp\/v2\/types\/post"}],"author":[{"embeddable":true,"href":"https:\/\/agora.xtec.cat\/ies-baix-montseny\/wp-json\/wp\/v2\/users\/7"}],"replies":[{"embeddable":true,"href":"https:\/\/agora.xtec.cat\/ies-baix-montseny\/wp-json\/wp\/v2\/comments?post=1478"}],"version-history":[{"count":1,"href":"https:\/\/agora.xtec.cat\/ies-baix-montseny\/wp-json\/wp\/v2\/posts\/1478\/revisions"}],"predecessor-version":[{"id":1480,"href":"https:\/\/agora.xtec.cat\/ies-baix-montseny\/wp-json\/wp\/v2\/posts\/1478\/revisions\/1480"}],"wp:featuredmedia":[{"embeddable":true,"href":"https:\/\/agora.xtec.cat\/ies-baix-montseny\/wp-json\/wp\/v2\/media\/1479"}],"wp:attachment":[{"href":"https:\/\/agora.xtec.cat\/ies-baix-montseny\/wp-json\/wp\/v2\/media?parent=1478"}],"wp:term":[{"taxonomy":"category","embeddable":true,"href":"https:\/\/agora.xtec.cat\/ies-baix-montseny\/wp-json\/wp\/v2\/categories?post=1478"},{"taxonomy":"post_tag","embeddable":true,"href":"https:\/\/agora.xtec.cat\/ies-baix-montseny\/wp-json\/wp\/v2\/tags?post=1478"}],"curies":[{"name":"wp","href":"https:\/\/api.w.org\/{rel}","templated":true}]}}