{"id":1461,"date":"2018-03-19T18:43:59","date_gmt":"2018-03-19T17:43:59","guid":{"rendered":"http:\/\/agora.xtec.cat\/ies-baix-montseny\/?p=1461"},"modified":"2018-03-19T18:43:59","modified_gmt":"2018-03-19T17:43:59","slug":"comunicat-urgent-families-1r-deso","status":"publish","type":"post","link":"https:\/\/agora.xtec.cat\/ies-baix-montseny\/general\/comunicat-urgent-families-1r-deso\/","title":{"rendered":"COMUNICAT URGENT FAM\u00cdLIES 1R D&#8217;ESO"},"content":{"rendered":"<p>Benvolgudes fam\u00edlies,<\/p>\n<p>Us informem que les col\u00f2nies de 1r d\u2019ESO previstes per als dies 21, 22 i 23 de mar\u00e7 queden <strong>AJORNADES<\/strong> fins a la tornada de Setmana Santa (<strong>4, 5 i 6 d\u2019abril<\/strong>).<\/p>\n<p>El motiu d\u2019aquest canvi d\u2019\u00faltima hora \u00e9s ali\u00e8 a l\u2019Institut, l\u2019empresa que gestiona aquestes activitats ha tingut un problema organitzatiu que ens ha afectat directament i fins a dia d\u2019avui no ho hem sabut.<\/p>\n<p>Ens sap molt de greu aquesta situaci\u00f3 i us demanem disculpes per l\u2019enrenou que aix\u00f2 us pugui suposar.<\/p>\n<p>Atentament,<\/p>\n<p>L\u2019Equip Directiu<\/p>\n","protected":false},"excerpt":{"rendered":"<p>Benvolgudes fam\u00edlies,<br \/>\nUs informem que les col\u00f2nies de 1r d\u2019ESO previstes per als dies 21, 22 i 23 de mar\u00e7 queden AJORNADES fins a la tornada de Setmana Santa (4, 5 i 6 d\u2019abril).<br \/>\nEl motiu d\u2019aquest canvi d\u2019\u00faltima hora \u00e9s ali\u00e8 a l\u2019Institut, l\u2019empresa que gestiona&hellip;  <a href=\"https:\/\/agora.xtec.cat\/ies-baix-montseny\/general\/comunicat-urgent-families-1r-deso\/\" title=\"Read COMUNICAT URGENT FAM\u00cdLIES 1R D&#8217;ESO\">Llegeix m\u00e9s\u00bb<\/a><\/p>\n","protected":false},"author":7,"featured_media":0,"comment_status":"open","ping_status":"closed","sticky":false,"template":"","format":"standard","meta":{"_bbp_topic_count":0,"_bbp_reply_count":0,"_bbp_total_topic_count":0,"_bbp_total_reply_count":0,"_bbp_voice_count":0,"_bbp_anonymous_reply_count":0,"_bbp_topic_count_hidden":0,"_bbp_reply_count_hidden":0,"_bbp_forum_subforum_count":0,"footnotes":""},"categories":[1,29],"tags":[],"class_list":["post-1461","post","type-post","status-publish","format-standard","hentry","category-general","category-portada"],"post_mailing_queue_ids":[],"_links":{"self":[{"href":"https:\/\/agora.xtec.cat\/ies-baix-montseny\/wp-json\/wp\/v2\/posts\/1461","targetHints":{"allow":["GET"]}}],"collection":[{"href":"https:\/\/agora.xtec.cat\/ies-baix-montseny\/wp-json\/wp\/v2\/posts"}],"about":[{"href":"https:\/\/agora.xtec.cat\/ies-baix-montseny\/wp-json\/wp\/v2\/types\/post"}],"author":[{"embeddable":true,"href":"https:\/\/agora.xtec.cat\/ies-baix-montseny\/wp-json\/wp\/v2\/users\/7"}],"replies":[{"embeddable":true,"href":"https:\/\/agora.xtec.cat\/ies-baix-montseny\/wp-json\/wp\/v2\/comments?post=1461"}],"version-history":[{"count":1,"href":"https:\/\/agora.xtec.cat\/ies-baix-montseny\/wp-json\/wp\/v2\/posts\/1461\/revisions"}],"predecessor-version":[{"id":1462,"href":"https:\/\/agora.xtec.cat\/ies-baix-montseny\/wp-json\/wp\/v2\/posts\/1461\/revisions\/1462"}],"wp:attachment":[{"href":"https:\/\/agora.xtec.cat\/ies-baix-montseny\/wp-json\/wp\/v2\/media?parent=1461"}],"wp:term":[{"taxonomy":"category","embeddable":true,"href":"https:\/\/agora.xtec.cat\/ies-baix-montseny\/wp-json\/wp\/v2\/categories?post=1461"},{"taxonomy":"post_tag","embeddable":true,"href":"https:\/\/agora.xtec.cat\/ies-baix-montseny\/wp-json\/wp\/v2\/tags?post=1461"}],"curies":[{"name":"wp","href":"https:\/\/api.w.org\/{rel}","templated":true}]}}