{"id":1453,"date":"2018-03-19T12:14:57","date_gmt":"2018-03-19T11:14:57","guid":{"rendered":"http:\/\/agora.xtec.cat\/ies-baix-montseny\/?p=1453"},"modified":"2018-03-19T12:14:57","modified_gmt":"2018-03-19T11:14:57","slug":"alumnes-intercanvi-frances","status":"publish","type":"post","link":"https:\/\/agora.xtec.cat\/ies-baix-montseny\/general\/alumnes-intercanvi-frances\/","title":{"rendered":"ALUMNES INTERCANVI FRANC\u00c8S"},"content":{"rendered":"<p>Divendres passat els alumnes de 3r d&#8217;ESO que han anat a l&#8217;intercanvi de franc\u00e8s van poder fer una gimcana a Valence. Aquest cap de setmana ja l&#8217;han passat amb les fam\u00edlies franceses!<\/p>\n<p><a href=\"http:\/\/agora.xtec.cat\/ies-baix-montseny\/wp-content\/uploads\/usu1288\/2018\/03\/IMG-20180316-WA0005.jpg\"><img loading=\"lazy\" decoding=\"async\" class=\"alignnone size-large wp-image-1454\" src=\"http:\/\/agora.xtec.cat\/ies-baix-montseny\/wp-content\/uploads\/usu1288\/2018\/03\/IMG-20180316-WA0005-1024x768.jpg\" alt=\"\" width=\"1024\" height=\"768\" srcset=\"https:\/\/agora.xtec.cat\/ies-baix-montseny\/wp-content\/uploads\/usu1288\/2018\/03\/IMG-20180316-WA0005-1024x768.jpg 1024w, https:\/\/agora.xtec.cat\/ies-baix-montseny\/wp-content\/uploads\/usu1288\/2018\/03\/IMG-20180316-WA0005-300x225.jpg 300w, https:\/\/agora.xtec.cat\/ies-baix-montseny\/wp-content\/uploads\/usu1288\/2018\/03\/IMG-20180316-WA0005-768x576.jpg 768w, https:\/\/agora.xtec.cat\/ies-baix-montseny\/wp-content\/uploads\/usu1288\/2018\/03\/IMG-20180316-WA0005-200x150.jpg 200w, https:\/\/agora.xtec.cat\/ies-baix-montseny\/wp-content\/uploads\/usu1288\/2018\/03\/IMG-20180316-WA0005.jpg 1600w\" sizes=\"auto, (max-width: 1024px) 100vw, 1024px\" \/><\/a><\/p>\n","protected":false},"excerpt":{"rendered":"<p>Divendres passat els alumnes de 3r d&#8217;ESO que han anat a l&#8217;intercanvi de franc\u00e8s van poder fer una gimcana a Valence. Aquest cap de setmana ja l&#8217;han passat amb les fam\u00edlies franceses!<br \/>\n<a href=\"http:\/\/agora.xtec.cat\/ies-baix-montseny\/wp-content\/uploads\/usu1288\/2018\/03\/IMG-20180316-WA0005.jpg\"><\/a><\/p>\n","protected":false},"author":7,"featured_media":1455,"comment_status":"open","ping_status":"closed","sticky":false,"template":"","format":"standard","meta":{"_bbp_topic_count":0,"_bbp_reply_count":0,"_bbp_total_topic_count":0,"_bbp_total_reply_count":0,"_bbp_voice_count":0,"_bbp_anonymous_reply_count":0,"_bbp_topic_count_hidden":0,"_bbp_reply_count_hidden":0,"_bbp_forum_subforum_count":0,"footnotes":""},"categories":[6,64,3,1,29,100],"tags":[],"class_list":["post-1453","post","type-post","status-publish","format-standard","has-post-thumbnail","hentry","category-eso-3","category-activitats","category-eso","category-general","category-portada","category-viatges"],"post_mailing_queue_ids":[],"_links":{"self":[{"href":"https:\/\/agora.xtec.cat\/ies-baix-montseny\/wp-json\/wp\/v2\/posts\/1453","targetHints":{"allow":["GET"]}}],"collection":[{"href":"https:\/\/agora.xtec.cat\/ies-baix-montseny\/wp-json\/wp\/v2\/posts"}],"about":[{"href":"https:\/\/agora.xtec.cat\/ies-baix-montseny\/wp-json\/wp\/v2\/types\/post"}],"author":[{"embeddable":true,"href":"https:\/\/agora.xtec.cat\/ies-baix-montseny\/wp-json\/wp\/v2\/users\/7"}],"replies":[{"embeddable":true,"href":"https:\/\/agora.xtec.cat\/ies-baix-montseny\/wp-json\/wp\/v2\/comments?post=1453"}],"version-history":[{"count":1,"href":"https:\/\/agora.xtec.cat\/ies-baix-montseny\/wp-json\/wp\/v2\/posts\/1453\/revisions"}],"predecessor-version":[{"id":1456,"href":"https:\/\/agora.xtec.cat\/ies-baix-montseny\/wp-json\/wp\/v2\/posts\/1453\/revisions\/1456"}],"wp:featuredmedia":[{"embeddable":true,"href":"https:\/\/agora.xtec.cat\/ies-baix-montseny\/wp-json\/wp\/v2\/media\/1455"}],"wp:attachment":[{"href":"https:\/\/agora.xtec.cat\/ies-baix-montseny\/wp-json\/wp\/v2\/media?parent=1453"}],"wp:term":[{"taxonomy":"category","embeddable":true,"href":"https:\/\/agora.xtec.cat\/ies-baix-montseny\/wp-json\/wp\/v2\/categories?post=1453"},{"taxonomy":"post_tag","embeddable":true,"href":"https:\/\/agora.xtec.cat\/ies-baix-montseny\/wp-json\/wp\/v2\/tags?post=1453"}],"curies":[{"name":"wp","href":"https:\/\/api.w.org\/{rel}","templated":true}]}}