{"id":1434,"date":"2018-03-12T12:42:52","date_gmt":"2018-03-12T11:42:52","guid":{"rendered":"http:\/\/agora.xtec.cat\/ies-baix-montseny\/?p=1434"},"modified":"2018-03-12T12:42:52","modified_gmt":"2018-03-12T11:42:52","slug":"lexit-dun-exalumne","status":"publish","type":"post","link":"https:\/\/agora.xtec.cat\/ies-baix-montseny\/general\/lexit-dun-exalumne\/","title":{"rendered":"L&#8217;\u00c8XIT D&#8217;UN EXALUMNE"},"content":{"rendered":"<p>El passat divendres 1 de desembre, a l&#8217;auditori de l&#8217;edifici V\u00e8rtex de l&#8217;UPC, va tenir lloc l&#8217;acte de graduaci\u00f3 dels titulats i titulades dels estudis de graus de l&#8217;Escola d&#8217;Enginyeria de Barcelona Est- EEBE promoci\u00f3 2017.<\/p>\n<p>L&#8217;exalumne de l\u2019Institut \u00c0lex Alonso, va rebre el premi al millor expedient acad\u00e8mic de la promoci\u00f3 del grau de l&#8217;Enginyeria de l&#8217;Energia i una menci\u00f3 al millor expedient de la promoci\u00f3 2017 de l&#8217;EEBE.<\/p>\n<p>A la fotografia podeu veure un moment del seu discurs. Va ser un discurs molt emotiu! Des de l\u2019Institut Baix Montseny el felicitem i ens sentim molt orgullosos de l\u2019\u00e8xit dels alumnes que han cursat tota l\u2019ESO i el Batxillerat al nostre centre!<\/p>\n<p><a href=\"http:\/\/agora.xtec.cat\/ies-baix-montseny\/wp-content\/uploads\/usu1288\/2018\/03\/\u00c0lex-UPC.jpg\"><img loading=\"lazy\" decoding=\"async\" class=\"alignnone size-full wp-image-1435\" src=\"http:\/\/agora.xtec.cat\/ies-baix-montseny\/wp-content\/uploads\/usu1288\/2018\/03\/\u00c0lex-UPC.jpg\" alt=\"\" width=\"749\" height=\"748\" srcset=\"https:\/\/agora.xtec.cat\/ies-baix-montseny\/wp-content\/uploads\/usu1288\/2018\/03\/\u00c0lex-UPC.jpg 749w, https:\/\/agora.xtec.cat\/ies-baix-montseny\/wp-content\/uploads\/usu1288\/2018\/03\/\u00c0lex-UPC-150x150.jpg 150w, https:\/\/agora.xtec.cat\/ies-baix-montseny\/wp-content\/uploads\/usu1288\/2018\/03\/\u00c0lex-UPC-300x300.jpg 300w\" sizes=\"auto, (max-width: 749px) 100vw, 749px\" \/><\/a><\/p>\n","protected":false},"excerpt":{"rendered":"<p>El passat divendres 1 de desembre, a l&#8217;auditori de l&#8217;edifici V\u00e8rtex de l&#8217;UPC, va tenir lloc l&#8217;acte de graduaci\u00f3 dels titulats i titulades dels estudis de graus de l&#8217;Escola d&#8217;Enginyeria de Barcelona Est- EEBE promoci\u00f3 2017.<br \/>\nL&#8217;exalumne de l\u2019Institut \u00c0lex Alonso, va rebre el premi al&hellip;  <a href=\"https:\/\/agora.xtec.cat\/ies-baix-montseny\/general\/lexit-dun-exalumne\/\" title=\"Read L&#8217;\u00c8XIT D&#8217;UN EXALUMNE\">Llegeix m\u00e9s\u00bb<\/a><\/p>\n","protected":false},"author":7,"featured_media":1435,"comment_status":"open","ping_status":"closed","sticky":false,"template":"","format":"standard","meta":{"_bbp_topic_count":0,"_bbp_reply_count":0,"_bbp_total_topic_count":0,"_bbp_total_reply_count":0,"_bbp_voice_count":0,"_bbp_anonymous_reply_count":0,"_bbp_topic_count_hidden":0,"_bbp_reply_count_hidden":0,"_bbp_forum_subforum_count":0,"footnotes":""},"categories":[8,1,29],"tags":[],"class_list":["post-1434","post","type-post","status-publish","format-standard","has-post-thumbnail","hentry","category-batxillerat","category-general","category-portada"],"post_mailing_queue_ids":[],"_links":{"self":[{"href":"https:\/\/agora.xtec.cat\/ies-baix-montseny\/wp-json\/wp\/v2\/posts\/1434","targetHints":{"allow":["GET"]}}],"collection":[{"href":"https:\/\/agora.xtec.cat\/ies-baix-montseny\/wp-json\/wp\/v2\/posts"}],"about":[{"href":"https:\/\/agora.xtec.cat\/ies-baix-montseny\/wp-json\/wp\/v2\/types\/post"}],"author":[{"embeddable":true,"href":"https:\/\/agora.xtec.cat\/ies-baix-montseny\/wp-json\/wp\/v2\/users\/7"}],"replies":[{"embeddable":true,"href":"https:\/\/agora.xtec.cat\/ies-baix-montseny\/wp-json\/wp\/v2\/comments?post=1434"}],"version-history":[{"count":1,"href":"https:\/\/agora.xtec.cat\/ies-baix-montseny\/wp-json\/wp\/v2\/posts\/1434\/revisions"}],"predecessor-version":[{"id":1436,"href":"https:\/\/agora.xtec.cat\/ies-baix-montseny\/wp-json\/wp\/v2\/posts\/1434\/revisions\/1436"}],"wp:featuredmedia":[{"embeddable":true,"href":"https:\/\/agora.xtec.cat\/ies-baix-montseny\/wp-json\/wp\/v2\/media\/1435"}],"wp:attachment":[{"href":"https:\/\/agora.xtec.cat\/ies-baix-montseny\/wp-json\/wp\/v2\/media?parent=1434"}],"wp:term":[{"taxonomy":"category","embeddable":true,"href":"https:\/\/agora.xtec.cat\/ies-baix-montseny\/wp-json\/wp\/v2\/categories?post=1434"},{"taxonomy":"post_tag","embeddable":true,"href":"https:\/\/agora.xtec.cat\/ies-baix-montseny\/wp-json\/wp\/v2\/tags?post=1434"}],"curies":[{"name":"wp","href":"https:\/\/api.w.org\/{rel}","templated":true}]}}