{"id":1431,"date":"2018-03-08T14:39:42","date_gmt":"2018-03-08T13:39:42","guid":{"rendered":"http:\/\/agora.xtec.cat\/ies-baix-montseny\/?p=1431"},"modified":"2018-03-08T14:39:42","modified_gmt":"2018-03-08T13:39:42","slug":"sortida-arboretum","status":"publish","type":"post","link":"https:\/\/agora.xtec.cat\/ies-baix-montseny\/general\/sortida-arboretum\/","title":{"rendered":"SORTIDA ARBOR\u00c8TUM"},"content":{"rendered":"<p>Aquesta setmana els de 1r hem anat d\u2019excursi\u00f3 a l\u2019Arbor\u00e8tum de Palau, una activitat organitzada des d&#8217;Educaci\u00f3 F\u00edsica (Camins Vells, Passes Noves) i des de Biologia. Vam caminar uns 5,6 km per anar i el mateix per tornar. Un cop all\u00e0 vam esmorzar i vam comen\u00e7ar l\u2019activitat de biologia. Vam fer fotos de diferents arbres i arbustos, amb grups de 4 persones, per despr\u00e9s identificar les diferents esp\u00e8cies i fer un herbari virtual. D\u2019aquesta manera introdu\u00efm el tema del regne vegetal.\u00a0 En acabar,\u200b\u200b vam poder jugar una estona amb els amics.<\/p>\n<p><a href=\"http:\/\/agora.xtec.cat\/ies-baix-montseny\/wp-content\/uploads\/usu1288\/2018\/03\/WEB.jpg\"><img loading=\"lazy\" decoding=\"async\" class=\"alignnone size-full wp-image-1432\" src=\"http:\/\/agora.xtec.cat\/ies-baix-montseny\/wp-content\/uploads\/usu1288\/2018\/03\/WEB.jpg\" alt=\"\" width=\"336\" height=\"336\" srcset=\"https:\/\/agora.xtec.cat\/ies-baix-montseny\/wp-content\/uploads\/usu1288\/2018\/03\/WEB.jpg 336w, https:\/\/agora.xtec.cat\/ies-baix-montseny\/wp-content\/uploads\/usu1288\/2018\/03\/WEB-150x150.jpg 150w, https:\/\/agora.xtec.cat\/ies-baix-montseny\/wp-content\/uploads\/usu1288\/2018\/03\/WEB-300x300.jpg 300w\" sizes=\"auto, (max-width: 336px) 100vw, 336px\" \/><\/a><\/p>\n","protected":false},"excerpt":{"rendered":"<p>Aquesta setmana els de 1r hem anat d\u2019excursi\u00f3 a l\u2019Arbor\u00e8tum de Palau, una activitat organitzada des d&#8217;Educaci\u00f3 F\u00edsica (Camins Vells, Passes Noves) i des de Biologia. Vam caminar uns 5,6 km per anar i el mateix per tornar. Un cop all\u00e0 vam esmorzar i vam&hellip;  <a href=\"https:\/\/agora.xtec.cat\/ies-baix-montseny\/general\/sortida-arboretum\/\" title=\"Read SORTIDA ARBOR\u00c8TUM\">Llegeix m\u00e9s\u00bb<\/a><\/p>\n","protected":false},"author":7,"featured_media":1432,"comment_status":"open","ping_status":"closed","sticky":false,"template":"","format":"standard","meta":{"_bbp_topic_count":0,"_bbp_reply_count":0,"_bbp_total_topic_count":0,"_bbp_total_reply_count":0,"_bbp_voice_count":0,"_bbp_anonymous_reply_count":0,"_bbp_topic_count_hidden":0,"_bbp_reply_count_hidden":0,"_bbp_forum_subforum_count":0,"footnotes":""},"categories":[4,1,29],"tags":[],"class_list":["post-1431","post","type-post","status-publish","format-standard","has-post-thumbnail","hentry","category-eso-1","category-general","category-portada"],"post_mailing_queue_ids":[],"_links":{"self":[{"href":"https:\/\/agora.xtec.cat\/ies-baix-montseny\/wp-json\/wp\/v2\/posts\/1431","targetHints":{"allow":["GET"]}}],"collection":[{"href":"https:\/\/agora.xtec.cat\/ies-baix-montseny\/wp-json\/wp\/v2\/posts"}],"about":[{"href":"https:\/\/agora.xtec.cat\/ies-baix-montseny\/wp-json\/wp\/v2\/types\/post"}],"author":[{"embeddable":true,"href":"https:\/\/agora.xtec.cat\/ies-baix-montseny\/wp-json\/wp\/v2\/users\/7"}],"replies":[{"embeddable":true,"href":"https:\/\/agora.xtec.cat\/ies-baix-montseny\/wp-json\/wp\/v2\/comments?post=1431"}],"version-history":[{"count":1,"href":"https:\/\/agora.xtec.cat\/ies-baix-montseny\/wp-json\/wp\/v2\/posts\/1431\/revisions"}],"predecessor-version":[{"id":1433,"href":"https:\/\/agora.xtec.cat\/ies-baix-montseny\/wp-json\/wp\/v2\/posts\/1431\/revisions\/1433"}],"wp:featuredmedia":[{"embeddable":true,"href":"https:\/\/agora.xtec.cat\/ies-baix-montseny\/wp-json\/wp\/v2\/media\/1432"}],"wp:attachment":[{"href":"https:\/\/agora.xtec.cat\/ies-baix-montseny\/wp-json\/wp\/v2\/media?parent=1431"}],"wp:term":[{"taxonomy":"category","embeddable":true,"href":"https:\/\/agora.xtec.cat\/ies-baix-montseny\/wp-json\/wp\/v2\/categories?post=1431"},{"taxonomy":"post_tag","embeddable":true,"href":"https:\/\/agora.xtec.cat\/ies-baix-montseny\/wp-json\/wp\/v2\/tags?post=1431"}],"curies":[{"name":"wp","href":"https:\/\/api.w.org\/{rel}","templated":true}]}}