{"id":1429,"date":"2018-03-06T12:32:40","date_gmt":"2018-03-06T11:32:40","guid":{"rendered":"http:\/\/agora.xtec.cat\/ies-baix-montseny\/?p=1429"},"modified":"2018-03-06T12:32:40","modified_gmt":"2018-03-06T11:32:40","slug":"vaga-feminista","status":"publish","type":"post","link":"https:\/\/agora.xtec.cat\/ies-baix-montseny\/general\/vaga-feminista\/","title":{"rendered":"VAGA FEMINISTA"},"content":{"rendered":"<p>Benvolguts pares, mares i\/o tutors\/es legals,<\/p>\n<p>Us informem que dijous <strong>8 de mar\u00e7 <\/strong>hi ha convocada una <strong>vaga feminista <\/strong>pel Sindicat d\u2019Estudiants i per\u00a0 les organitzacions sindicals Confederaci\u00f3n Intersindical, CO.BAS, IAC, CGT i I-CSC durant tot el dia i CCOO i UGT durant 2 hores en cadascun dels torns de treball (11:30 a 13:30 mat\u00ed i 15 a 17 tarda) per denunciar les desigualtats que afecten especialment les dones. Aix\u00ed mateix hi ha convocada una manifestaci\u00f3 a Barcelona, a la pla\u00e7a Universitat, a les 12 hores del migdia, i a Girona a la Pla\u00e7a de la Constituci\u00f3 a la mateixa hora. A la tarda tamb\u00e9 hi haur\u00e0 manifestacions unit\u00e0ries del moviment feminista. A Sant Celoni l\u2019Assemblea de Joves i Arran Baix Montseny organitzen una pintada de mural a l\u2019Avinguda Catalunya al llarg del mat\u00ed.<\/p>\n<p>Perqu\u00e8 els alumnes tinguin autoritzaci\u00f3 per a fer vaga, han de seguir un protocol, consistent a convocar una reuni\u00f3 de delegats i despr\u00e9s informar de les persones que faran vaga a la direcci\u00f3 del centre, amb 48 hores per endavant. Aquest protocol t\u00e9 per objectiu que els alumnes reflexionin sobre l\u2019exercici del dret a vaga i que el centre pugui preveure les actuacions que calguin per adaptar-se a la situaci\u00f3.<\/p>\n<p>Des de l\u2019Institut la nostra intenci\u00f3 \u00e9s fer veure als alumnes que , tot i tenir dret a vaga, diferents circumst\u00e0ncies al llarg del curs ens han portat a perdre for\u00e7a dies lectius i potser seria m\u00e9s profit\u00f3s que per part d\u2019ells sortissin activitats o algun tipus d\u2019acte per fer al centre.<\/p>\n<p>Les classes es duran a terme amb la m\u00e0xima normalitat que sigui possible tenint en compte que la majoria de professorat del centre no secundar\u00e0 ni la vaga general ni l\u2019aturada de dues hores. HI HAUR\u00c0 SERVEI D\u2019AUTOCAR.<\/p>\n<p>Us recordem que els alumnes de 1r i 2n d\u2019ESO no tenen dret a vaga.<\/p>\n<p>Per a qualsevol dubte i\/o consulta podeu trucar al tel\u00e8fon del centre 93-867.34.70.<\/p>\n<p>Atentament,<\/p>\n<p>La Direcci\u00f3<\/p>\n","protected":false},"excerpt":{"rendered":"<p>Benvolguts pares, mares i\/o tutors\/es legals,<br \/>\nUs informem que dijous 8 de mar\u00e7 hi ha convocada una vaga feminista pel Sindicat d\u2019Estudiants i per\u00a0 les organitzacions sindicals Confederaci\u00f3n Intersindical, CO.BAS, IAC, CGT i I-CSC durant tot el dia i CCOO i UGT durant 2 hores en&hellip;  <a href=\"https:\/\/agora.xtec.cat\/ies-baix-montseny\/general\/vaga-feminista\/\" title=\"Read VAGA FEMINISTA\">Llegeix m\u00e9s\u00bb<\/a><\/p>\n","protected":false},"author":7,"featured_media":0,"comment_status":"open","ping_status":"closed","sticky":false,"template":"","format":"standard","meta":{"_bbp_topic_count":0,"_bbp_reply_count":0,"_bbp_total_topic_count":0,"_bbp_total_reply_count":0,"_bbp_voice_count":0,"_bbp_anonymous_reply_count":0,"_bbp_topic_count_hidden":0,"_bbp_reply_count_hidden":0,"_bbp_forum_subforum_count":0,"footnotes":""},"categories":[1,29],"tags":[],"class_list":["post-1429","post","type-post","status-publish","format-standard","hentry","category-general","category-portada"],"post_mailing_queue_ids":[],"_links":{"self":[{"href":"https:\/\/agora.xtec.cat\/ies-baix-montseny\/wp-json\/wp\/v2\/posts\/1429","targetHints":{"allow":["GET"]}}],"collection":[{"href":"https:\/\/agora.xtec.cat\/ies-baix-montseny\/wp-json\/wp\/v2\/posts"}],"about":[{"href":"https:\/\/agora.xtec.cat\/ies-baix-montseny\/wp-json\/wp\/v2\/types\/post"}],"author":[{"embeddable":true,"href":"https:\/\/agora.xtec.cat\/ies-baix-montseny\/wp-json\/wp\/v2\/users\/7"}],"replies":[{"embeddable":true,"href":"https:\/\/agora.xtec.cat\/ies-baix-montseny\/wp-json\/wp\/v2\/comments?post=1429"}],"version-history":[{"count":1,"href":"https:\/\/agora.xtec.cat\/ies-baix-montseny\/wp-json\/wp\/v2\/posts\/1429\/revisions"}],"predecessor-version":[{"id":1430,"href":"https:\/\/agora.xtec.cat\/ies-baix-montseny\/wp-json\/wp\/v2\/posts\/1429\/revisions\/1430"}],"wp:attachment":[{"href":"https:\/\/agora.xtec.cat\/ies-baix-montseny\/wp-json\/wp\/v2\/media?parent=1429"}],"wp:term":[{"taxonomy":"category","embeddable":true,"href":"https:\/\/agora.xtec.cat\/ies-baix-montseny\/wp-json\/wp\/v2\/categories?post=1429"},{"taxonomy":"post_tag","embeddable":true,"href":"https:\/\/agora.xtec.cat\/ies-baix-montseny\/wp-json\/wp\/v2\/tags?post=1429"}],"curies":[{"name":"wp","href":"https:\/\/api.w.org\/{rel}","templated":true}]}}