{"id":1420,"date":"2018-03-02T13:10:49","date_gmt":"2018-03-02T12:10:49","guid":{"rendered":"http:\/\/agora.xtec.cat\/ies-baix-montseny\/?p=1420"},"modified":"2018-03-02T13:11:49","modified_gmt":"2018-03-02T12:11:49","slug":"portes-obertes","status":"publish","type":"post","link":"https:\/\/agora.xtec.cat\/ies-baix-montseny\/general\/portes-obertes\/","title":{"rendered":"PORTES OBERTES"},"content":{"rendered":"<div class=\"\" data-block=\"true\" data-editor=\"b1283\" data-offset-key=\"128ed-0-0\">\n<div class=\"_1mf _1mj\" data-offset-key=\"128ed-0-0\"><span data-offset-key=\"128ed-0-0\">Benvolguts pares, mares i tutors legals, <\/span><\/div>\n<\/div>\n<div class=\"\" data-block=\"true\" data-editor=\"b1283\" data-offset-key=\"9274s-0-0\">\n<div class=\"_1mf _1mj\" data-offset-key=\"9274s-0-0\"><span data-offset-key=\"9274s-0-0\">\u00a0<\/span><\/div>\n<\/div>\n<div class=\"\" data-block=\"true\" data-editor=\"b1283\" data-offset-key=\"7ire9-0-0\">\n<div class=\"_1mf _1mj\" data-offset-key=\"7ire9-0-0\"><span data-offset-key=\"7ire9-0-0\">Us comuniquem que el proper dimarts 6 de mar\u00e7, a les 18:00 hores, tindr\u00e0 lloc la jornada de portes obertes de l\u2019INS Baix Montseny per a pares i mares d\u2019alumnes de 6\u00e8 de prim\u00e0ria, en la qual us explicarem el projecte educatiu de l\u2019institut, veureu activitats que realitzem al centre i us aclarirem els dubtes que pugueu tenir. <\/span><\/div>\n<\/div>\n<div class=\"\" data-block=\"true\" data-editor=\"b1283\" data-offset-key=\"6aai8-0-0\">\n<div class=\"_1mf _1mj\" data-offset-key=\"6aai8-0-0\"><span data-offset-key=\"6aai8-0-0\">\u00a0<\/span><\/div>\n<\/div>\n<div class=\"\" data-block=\"true\" data-editor=\"b1283\" data-offset-key=\"fddj4-0-0\">\n<div class=\"_1mf _1mj\" data-offset-key=\"fddj4-0-0\"><span data-offset-key=\"fddj4-0-0\">\u00a0<\/span><\/div>\n<\/div>\n<div class=\"\" data-block=\"true\" data-editor=\"b1283\" data-offset-key=\"8tfaa-0-0\">\n<div class=\"_1mf _1mj\" data-offset-key=\"8tfaa-0-0\"><span data-offset-key=\"8tfaa-0-0\">Volem recordar que la vostra assist\u00e8ncia \u00e9s molt important per tal que conegueu de primera m\u00e0 tota la informaci\u00f3 que fa refer\u00e8ncia a l\u2019educaci\u00f3 i l\u2019aprenentatge dels vostres fills\/es.<\/span><\/div>\n<\/div>\n<div class=\"\" data-block=\"true\" data-editor=\"b1283\" data-offset-key=\"208nq-0-0\">\n<div class=\"_1mf _1mj\" data-offset-key=\"208nq-0-0\"><span data-offset-key=\"208nq-0-0\">\u00a0<\/span><\/div>\n<\/div>\n<div class=\"\" data-block=\"true\" data-editor=\"b1283\" data-offset-key=\"5cuu2-0-0\">\n<div class=\"_1mf _1mj\" data-offset-key=\"5cuu2-0-0\"><span data-offset-key=\"5cuu2-0-0\">Agra\u00efm per endavant la vostra assist\u00e8ncia. Us hi esperem a tots!!!<\/span><\/div>\n<\/div>\n<div class=\"_1mf _1mj\" data-offset-key=\"5cuu2-0-0\"><\/div>\n<div class=\"_1mf _1mj\" data-offset-key=\"5cuu2-0-0\"><a href=\"http:\/\/agora.xtec.cat\/ies-baix-montseny\/wp-content\/uploads\/usu1288\/2018\/03\/jornada.jpg\"><img loading=\"lazy\" decoding=\"async\" class=\"alignnone size-full wp-image-1421\" src=\"http:\/\/agora.xtec.cat\/ies-baix-montseny\/wp-content\/uploads\/usu1288\/2018\/03\/jornada.jpg\" alt=\"\" width=\"270\" height=\"270\" srcset=\"https:\/\/agora.xtec.cat\/ies-baix-montseny\/wp-content\/uploads\/usu1288\/2018\/03\/jornada.jpg 270w, https:\/\/agora.xtec.cat\/ies-baix-montseny\/wp-content\/uploads\/usu1288\/2018\/03\/jornada-150x150.jpg 150w\" sizes=\"auto, (max-width: 270px) 100vw, 270px\" \/><\/a><\/div>\n","protected":false},"excerpt":{"rendered":"<p>Benvolguts pares, mares i tutors legals, <\/p>\n<p>\u00a0<\/p>\n<p>Us comuniquem que el proper dimarts 6 de mar\u00e7, a les 18:00 hores, tindr\u00e0 lloc la jornada de portes obertes de l\u2019INS Baix Montseny per a pares i mares d\u2019alumnes de 6\u00e8 de prim\u00e0ria, en la qual us explicarem&hellip;  <a href=\"https:\/\/agora.xtec.cat\/ies-baix-montseny\/general\/portes-obertes\/\" title=\"Read PORTES OBERTES\">Llegeix m\u00e9s\u00bb<\/a><\/p>\n","protected":false},"author":7,"featured_media":1421,"comment_status":"open","ping_status":"closed","sticky":false,"template":"","format":"standard","meta":{"_bbp_topic_count":0,"_bbp_reply_count":0,"_bbp_total_topic_count":0,"_bbp_total_reply_count":0,"_bbp_voice_count":0,"_bbp_anonymous_reply_count":0,"_bbp_topic_count_hidden":0,"_bbp_reply_count_hidden":0,"_bbp_forum_subforum_count":0,"footnotes":""},"categories":[1,29],"tags":[],"class_list":["post-1420","post","type-post","status-publish","format-standard","has-post-thumbnail","hentry","category-general","category-portada"],"post_mailing_queue_ids":[],"_links":{"self":[{"href":"https:\/\/agora.xtec.cat\/ies-baix-montseny\/wp-json\/wp\/v2\/posts\/1420","targetHints":{"allow":["GET"]}}],"collection":[{"href":"https:\/\/agora.xtec.cat\/ies-baix-montseny\/wp-json\/wp\/v2\/posts"}],"about":[{"href":"https:\/\/agora.xtec.cat\/ies-baix-montseny\/wp-json\/wp\/v2\/types\/post"}],"author":[{"embeddable":true,"href":"https:\/\/agora.xtec.cat\/ies-baix-montseny\/wp-json\/wp\/v2\/users\/7"}],"replies":[{"embeddable":true,"href":"https:\/\/agora.xtec.cat\/ies-baix-montseny\/wp-json\/wp\/v2\/comments?post=1420"}],"version-history":[{"count":1,"href":"https:\/\/agora.xtec.cat\/ies-baix-montseny\/wp-json\/wp\/v2\/posts\/1420\/revisions"}],"predecessor-version":[{"id":1422,"href":"https:\/\/agora.xtec.cat\/ies-baix-montseny\/wp-json\/wp\/v2\/posts\/1420\/revisions\/1422"}],"wp:featuredmedia":[{"embeddable":true,"href":"https:\/\/agora.xtec.cat\/ies-baix-montseny\/wp-json\/wp\/v2\/media\/1421"}],"wp:attachment":[{"href":"https:\/\/agora.xtec.cat\/ies-baix-montseny\/wp-json\/wp\/v2\/media?parent=1420"}],"wp:term":[{"taxonomy":"category","embeddable":true,"href":"https:\/\/agora.xtec.cat\/ies-baix-montseny\/wp-json\/wp\/v2\/categories?post=1420"},{"taxonomy":"post_tag","embeddable":true,"href":"https:\/\/agora.xtec.cat\/ies-baix-montseny\/wp-json\/wp\/v2\/tags?post=1420"}],"curies":[{"name":"wp","href":"https:\/\/api.w.org\/{rel}","templated":true}]}}