{"id":1414,"date":"2018-02-27T12:42:16","date_gmt":"2018-02-27T11:42:16","guid":{"rendered":"http:\/\/agora.xtec.cat\/ies-baix-montseny\/?p=1414"},"modified":"2018-02-27T12:42:16","modified_gmt":"2018-02-27T11:42:16","slug":"important","status":"publish","type":"post","link":"https:\/\/agora.xtec.cat\/ies-baix-montseny\/general\/important\/","title":{"rendered":"IMPORTANT!!!"},"content":{"rendered":"<div class=\"\" data-block=\"true\" data-editor=\"6alfs\" data-offset-key=\"181m6-0-0\">\n<div class=\"_1mf _1mj\" data-offset-key=\"181m6-0-0\">Benvolgudes fam\u00edlies,<\/div>\n<\/div>\n<div class=\"\" data-block=\"true\" data-editor=\"6alfs\" data-offset-key=\"8mfq0-0-0\">\n<div class=\"_1mf _1mj\" data-offset-key=\"8mfq0-0-0\"><span data-offset-key=\"8mfq0-0-0\">Us informem que les reunions informatives de les col\u00f2nies de 1r, 2n i 3r d&#8217;ESO programades per aquesta tarda, queden posposades per al dimarts 6 de mar\u00e7 a les 17 hores, donada la situaci\u00f3 meteorol\u00f2gica.<\/span><\/div>\n<\/div>\n","protected":false},"excerpt":{"rendered":"<p>Benvolgudes fam\u00edlies,<\/p>\n<p>Us informem que les reunions informatives de les col\u00f2nies de 1r, 2n i 3r d&#8217;ESO programades per aquesta tarda, queden posposades per al dimarts 6 de mar\u00e7 a les 17 hores, donada la situaci\u00f3 meteorol\u00f2gica.<\/p>\n","protected":false},"author":7,"featured_media":0,"comment_status":"open","ping_status":"closed","sticky":false,"template":"","format":"standard","meta":{"_bbp_topic_count":0,"_bbp_reply_count":0,"_bbp_total_topic_count":0,"_bbp_total_reply_count":0,"_bbp_voice_count":0,"_bbp_anonymous_reply_count":0,"_bbp_topic_count_hidden":0,"_bbp_reply_count_hidden":0,"_bbp_forum_subforum_count":0,"footnotes":""},"categories":[1,29],"tags":[],"class_list":["post-1414","post","type-post","status-publish","format-standard","hentry","category-general","category-portada"],"post_mailing_queue_ids":[],"_links":{"self":[{"href":"https:\/\/agora.xtec.cat\/ies-baix-montseny\/wp-json\/wp\/v2\/posts\/1414","targetHints":{"allow":["GET"]}}],"collection":[{"href":"https:\/\/agora.xtec.cat\/ies-baix-montseny\/wp-json\/wp\/v2\/posts"}],"about":[{"href":"https:\/\/agora.xtec.cat\/ies-baix-montseny\/wp-json\/wp\/v2\/types\/post"}],"author":[{"embeddable":true,"href":"https:\/\/agora.xtec.cat\/ies-baix-montseny\/wp-json\/wp\/v2\/users\/7"}],"replies":[{"embeddable":true,"href":"https:\/\/agora.xtec.cat\/ies-baix-montseny\/wp-json\/wp\/v2\/comments?post=1414"}],"version-history":[{"count":1,"href":"https:\/\/agora.xtec.cat\/ies-baix-montseny\/wp-json\/wp\/v2\/posts\/1414\/revisions"}],"predecessor-version":[{"id":1415,"href":"https:\/\/agora.xtec.cat\/ies-baix-montseny\/wp-json\/wp\/v2\/posts\/1414\/revisions\/1415"}],"wp:attachment":[{"href":"https:\/\/agora.xtec.cat\/ies-baix-montseny\/wp-json\/wp\/v2\/media?parent=1414"}],"wp:term":[{"taxonomy":"category","embeddable":true,"href":"https:\/\/agora.xtec.cat\/ies-baix-montseny\/wp-json\/wp\/v2\/categories?post=1414"},{"taxonomy":"post_tag","embeddable":true,"href":"https:\/\/agora.xtec.cat\/ies-baix-montseny\/wp-json\/wp\/v2\/tags?post=1414"}],"curies":[{"name":"wp","href":"https:\/\/api.w.org\/{rel}","templated":true}]}}