{"id":1377,"date":"2018-02-16T20:19:43","date_gmt":"2018-02-16T19:19:43","guid":{"rendered":"http:\/\/agora.xtec.cat\/ies-baix-montseny\/?p=1377"},"modified":"2018-02-16T20:26:03","modified_gmt":"2018-02-16T19:26:03","slug":"gimcana-matematica-literaria","status":"publish","type":"post","link":"https:\/\/agora.xtec.cat\/ies-baix-montseny\/general\/gimcana-matematica-literaria\/","title":{"rendered":"Gimcana matem\u00e0tica-liter\u00e0ria"},"content":{"rendered":"<p>Avui els alumnes de 4t han realitzat una gimcana pel pati de l&#8217;Institut. Ha estat una activitat pensada per aprendre literatura castellana i repassar conceptes matem\u00e0tics.<\/p>\n<p>Primerament, amb un pla aeri de l&#8217;Institut i uns sistemes d&#8217;equacions han endevinat on estaven situades les diferents proves. Un cop localitzat els llocs, han escanejat uns codis QR per poder esbrinar algunes caracter\u00edstiques de Don Quixot de la Manxa i aix\u00ed poder respondre una s\u00e8rie de preguntes.<\/p>\n<p>Els alumnes ha<a href=\"http:\/\/agora.xtec.cat\/ies-baix-montseny\/wp-content\/uploads\/usu1288\/2018\/02\/gimcana-4t.png\"><img loading=\"lazy\" decoding=\"async\" class=\"alignnone size-full wp-image-1378\" src=\"http:\/\/agora.xtec.cat\/ies-baix-montseny\/wp-content\/uploads\/usu1288\/2018\/02\/gimcana-4t.png\" alt=\"\" width=\"720\" height=\"719\" srcset=\"https:\/\/agora.xtec.cat\/ies-baix-montseny\/wp-content\/uploads\/usu1288\/2018\/02\/gimcana-4t.png 720w, https:\/\/agora.xtec.cat\/ies-baix-montseny\/wp-content\/uploads\/usu1288\/2018\/02\/gimcana-4t-150x150.png 150w, https:\/\/agora.xtec.cat\/ies-baix-montseny\/wp-content\/uploads\/usu1288\/2018\/02\/gimcana-4t-300x300.png 300w\" sizes=\"auto, (max-width: 720px) 100vw, 720px\" \/><\/a>n participat de forma activa i amb una actitud extraordin\u00e0ria. Han realitzat un bon treball en equip!<\/p>\n","protected":false},"excerpt":{"rendered":"<p>Avui els alumnes de 4t han realitzat una gimcana pel pati de l&#8217;Institut. Ha estat una activitat pensada per aprendre literatura castellana i repassar conceptes matem\u00e0tics.<br \/>\nPrimerament, amb un pla aeri de l&#8217;Institut i uns sistemes d&#8217;equacions han endevinat on estaven situades les diferents proves. Un&hellip;  <a href=\"https:\/\/agora.xtec.cat\/ies-baix-montseny\/general\/gimcana-matematica-literaria\/\" title=\"Read Gimcana matem\u00e0tica-liter\u00e0ria\">Llegeix m\u00e9s\u00bb<\/a><\/p>\n","protected":false},"author":1,"featured_media":1378,"comment_status":"open","ping_status":"closed","sticky":false,"template":"","format":"standard","meta":{"_bbp_topic_count":0,"_bbp_reply_count":0,"_bbp_total_topic_count":0,"_bbp_total_reply_count":0,"_bbp_voice_count":0,"_bbp_anonymous_reply_count":0,"_bbp_topic_count_hidden":0,"_bbp_reply_count_hidden":0,"_bbp_forum_subforum_count":0,"footnotes":""},"categories":[7,1,29],"tags":[],"class_list":["post-1377","post","type-post","status-publish","format-standard","has-post-thumbnail","hentry","category-eso-4","category-general","category-portada"],"post_mailing_queue_ids":[],"_links":{"self":[{"href":"https:\/\/agora.xtec.cat\/ies-baix-montseny\/wp-json\/wp\/v2\/posts\/1377","targetHints":{"allow":["GET"]}}],"collection":[{"href":"https:\/\/agora.xtec.cat\/ies-baix-montseny\/wp-json\/wp\/v2\/posts"}],"about":[{"href":"https:\/\/agora.xtec.cat\/ies-baix-montseny\/wp-json\/wp\/v2\/types\/post"}],"author":[{"embeddable":true,"href":"https:\/\/agora.xtec.cat\/ies-baix-montseny\/wp-json\/wp\/v2\/users\/1"}],"replies":[{"embeddable":true,"href":"https:\/\/agora.xtec.cat\/ies-baix-montseny\/wp-json\/wp\/v2\/comments?post=1377"}],"version-history":[{"count":1,"href":"https:\/\/agora.xtec.cat\/ies-baix-montseny\/wp-json\/wp\/v2\/posts\/1377\/revisions"}],"predecessor-version":[{"id":1379,"href":"https:\/\/agora.xtec.cat\/ies-baix-montseny\/wp-json\/wp\/v2\/posts\/1377\/revisions\/1379"}],"wp:featuredmedia":[{"embeddable":true,"href":"https:\/\/agora.xtec.cat\/ies-baix-montseny\/wp-json\/wp\/v2\/media\/1378"}],"wp:attachment":[{"href":"https:\/\/agora.xtec.cat\/ies-baix-montseny\/wp-json\/wp\/v2\/media?parent=1377"}],"wp:term":[{"taxonomy":"category","embeddable":true,"href":"https:\/\/agora.xtec.cat\/ies-baix-montseny\/wp-json\/wp\/v2\/categories?post=1377"},{"taxonomy":"post_tag","embeddable":true,"href":"https:\/\/agora.xtec.cat\/ies-baix-montseny\/wp-json\/wp\/v2\/tags?post=1377"}],"curies":[{"name":"wp","href":"https:\/\/api.w.org\/{rel}","templated":true}]}}