{"id":1255,"date":"2017-10-31T12:09:28","date_gmt":"2017-10-31T11:09:28","guid":{"rendered":"http:\/\/agora.xtec.cat\/ies-baix-montseny\/?p=1255"},"modified":"2018-02-19T00:47:52","modified_gmt":"2018-02-18T23:47:52","slug":"la-castanyada","status":"publish","type":"post","link":"https:\/\/agora.xtec.cat\/ies-baix-montseny\/eso\/la-castanyada\/","title":{"rendered":"La castanyada"},"content":{"rendered":"<div class=\"\" data-block=\"true\" data-editor=\"f5r84\" data-offset-key=\"9bcjk-0-0\">\n<div class=\"_1mf _1mj\" data-offset-key=\"9bcjk-0-0\"><a href=\"http:\/\/agora.xtec.cat\/ies-baix-montseny\/wp-content\/uploads\/usu1288\/2017\/10\/IMG-20171031-WA0005.jpg\"><img loading=\"lazy\" decoding=\"async\" class=\"alignnone wp-image-1256\" src=\"http:\/\/agora.xtec.cat\/ies-baix-montseny\/wp-content\/uploads\/usu1288\/2017\/10\/IMG-20171031-WA0005-1024x768.jpg\" alt=\"\" width=\"512\" height=\"384\" srcset=\"https:\/\/agora.xtec.cat\/ies-baix-montseny\/wp-content\/uploads\/usu1288\/2017\/10\/IMG-20171031-WA0005.jpg 1024w, https:\/\/agora.xtec.cat\/ies-baix-montseny\/wp-content\/uploads\/usu1288\/2017\/10\/IMG-20171031-WA0005-300x225.jpg 300w, https:\/\/agora.xtec.cat\/ies-baix-montseny\/wp-content\/uploads\/usu1288\/2017\/10\/IMG-20171031-WA0005-768x576.jpg 768w, https:\/\/agora.xtec.cat\/ies-baix-montseny\/wp-content\/uploads\/usu1288\/2017\/10\/IMG-20171031-WA0005-200x150.jpg 200w\" sizes=\"auto, (max-width: 512px) 100vw, 512px\" \/><\/a>\u00a0 \u00a0 \u00a0 \u00a0 \u00a0\u00a0<a href=\"http:\/\/agora.xtec.cat\/ies-baix-montseny\/wp-content\/uploads\/usu1288\/2017\/10\/IMG-20171031-WA0007.jpg\"><img loading=\"lazy\" decoding=\"async\" class=\"alignnone wp-image-1257\" src=\"http:\/\/agora.xtec.cat\/ies-baix-montseny\/wp-content\/uploads\/usu1288\/2017\/10\/IMG-20171031-WA0007-768x1024.jpg\" alt=\"\" width=\"364\" height=\"485\" srcset=\"https:\/\/agora.xtec.cat\/ies-baix-montseny\/wp-content\/uploads\/usu1288\/2017\/10\/IMG-20171031-WA0007.jpg 768w, https:\/\/agora.xtec.cat\/ies-baix-montseny\/wp-content\/uploads\/usu1288\/2017\/10\/IMG-20171031-WA0007-225x300.jpg 225w\" sizes=\"auto, (max-width: 364px) 100vw, 364px\" \/><\/a><\/div>\n<div class=\"_1mf _1mj\" data-offset-key=\"9bcjk-0-0\"><\/div>\n<div class=\"_1mf _1mj\" data-offset-key=\"9bcjk-0-0\"><\/div>\n<div class=\"_1mf _1mj\" data-offset-key=\"9bcjk-0-0\"><\/div>\n<div class=\"_1mf _1mj\" data-offset-key=\"9bcjk-0-0\"><span data-offset-key=\"9bcjk-0-0\">A l\u2019institut ja preparem la Castanyada! La castanyada \u00e9s la festa de la tardor. Commemora l\u2019estaci\u00f3 en qu\u00e8 la natura sembla que quedi sense vida: les fulles de molts arbres cauen, les llavors s\u2019enterren, els animals es preparen per a l\u2019hivern i moltes aus emigren. Per aix\u00f2, dediquem aquesta festa a recordar les persones mortes.<\/span><\/div>\n<\/div>\n<div class=\"_1mf _1mj\" data-offset-key=\"36e2j-0-0\"><\/div>\n<div class=\"\" data-block=\"true\" data-editor=\"f5r84\" data-offset-key=\"36e2j-0-0\">\n<div class=\"_1mf _1mj\" data-offset-key=\"36e2j-0-0\"><\/div>\n<div class=\"_1mf _1mj\" data-offset-key=\"36e2j-0-0\"><span data-offset-key=\"36e2j-0-0\">L\u2019origen de la castanyada \u00e9s molt antic. Es creu que prov\u00e9 dels actes en honor dels morts que es feien a les tribus primitives. Aix\u00f2 es veu pel costum que hi ha de celebrar-ho menjant productes t\u00edpics de la tardor: castanyes i altres fruites seques.<\/span><\/div>\n<\/div>\n<div class=\"_1mf _1mj\" data-offset-key=\"7rnhd-0-0\"><\/div>\n<div class=\"\" data-block=\"true\" data-editor=\"f5r84\" data-offset-key=\"7rnhd-0-0\">\n<div class=\"_1mf _1mj\" data-offset-key=\"7rnhd-0-0\"><\/div>\n<div class=\"_1mf _1mj\" data-offset-key=\"7rnhd-0-0\"><span data-offset-key=\"7rnhd-0-0\">BONA CASTANYADA A TOTHOM!<\/span><\/div>\n<\/div>\n","protected":false},"excerpt":{"rendered":"<p><a href=\"http:\/\/agora.xtec.cat\/ies-baix-montseny\/wp-content\/uploads\/usu1288\/2017\/10\/IMG-20171031-WA0005.jpg\"><\/a>\u00a0 \u00a0 \u00a0 \u00a0 \u00a0\u00a0<a href=\"http:\/\/agora.xtec.cat\/ies-baix-montseny\/wp-content\/uploads\/usu1288\/2017\/10\/IMG-20171031-WA0007.jpg\"><\/a><\/p>\n<p>A l\u2019institut ja preparem la Castanyada! La castanyada \u00e9s la festa de la tardor. Commemora l\u2019estaci\u00f3 en qu\u00e8 la natura sembla que quedi sense vida: les fulles de molts arbres cauen, les llavors s\u2019enterren, els animals es preparen per&hellip;  <a href=\"https:\/\/agora.xtec.cat\/ies-baix-montseny\/eso\/la-castanyada\/\" title=\"Read La castanyada\">Llegeix m\u00e9s\u00bb<\/a><\/p>\n","protected":false},"author":7,"featured_media":1256,"comment_status":"open","ping_status":"closed","sticky":false,"template":"","format":"standard","meta":{"_bbp_topic_count":0,"_bbp_reply_count":0,"_bbp_total_topic_count":0,"_bbp_total_reply_count":0,"_bbp_voice_count":0,"_bbp_anonymous_reply_count":0,"_bbp_topic_count_hidden":0,"_bbp_reply_count_hidden":0,"_bbp_forum_subforum_count":0,"footnotes":""},"categories":[4,5,6,7,8,30,3,29,99,101],"tags":[],"class_list":["post-1255","post","type-post","status-publish","format-standard","has-post-thumbnail","hentry","category-eso-1","category-eso-2","category-eso-3","category-eso-4","category-batxillerat","category-cicles-formatius","category-eso","category-portada","category-tallers","category-usee"],"post_mailing_queue_ids":[],"_links":{"self":[{"href":"https:\/\/agora.xtec.cat\/ies-baix-montseny\/wp-json\/wp\/v2\/posts\/1255","targetHints":{"allow":["GET"]}}],"collection":[{"href":"https:\/\/agora.xtec.cat\/ies-baix-montseny\/wp-json\/wp\/v2\/posts"}],"about":[{"href":"https:\/\/agora.xtec.cat\/ies-baix-montseny\/wp-json\/wp\/v2\/types\/post"}],"author":[{"embeddable":true,"href":"https:\/\/agora.xtec.cat\/ies-baix-montseny\/wp-json\/wp\/v2\/users\/7"}],"replies":[{"embeddable":true,"href":"https:\/\/agora.xtec.cat\/ies-baix-montseny\/wp-json\/wp\/v2\/comments?post=1255"}],"version-history":[{"count":3,"href":"https:\/\/agora.xtec.cat\/ies-baix-montseny\/wp-json\/wp\/v2\/posts\/1255\/revisions"}],"predecessor-version":[{"id":1261,"href":"https:\/\/agora.xtec.cat\/ies-baix-montseny\/wp-json\/wp\/v2\/posts\/1255\/revisions\/1261"}],"wp:featuredmedia":[{"embeddable":true,"href":"https:\/\/agora.xtec.cat\/ies-baix-montseny\/wp-json\/wp\/v2\/media\/1256"}],"wp:attachment":[{"href":"https:\/\/agora.xtec.cat\/ies-baix-montseny\/wp-json\/wp\/v2\/media?parent=1255"}],"wp:term":[{"taxonomy":"category","embeddable":true,"href":"https:\/\/agora.xtec.cat\/ies-baix-montseny\/wp-json\/wp\/v2\/categories?post=1255"},{"taxonomy":"post_tag","embeddable":true,"href":"https:\/\/agora.xtec.cat\/ies-baix-montseny\/wp-json\/wp\/v2\/tags?post=1255"}],"curies":[{"name":"wp","href":"https:\/\/api.w.org\/{rel}","templated":true}]}}