{"id":1166,"date":"2017-07-26T11:37:39","date_gmt":"2017-07-26T09:37:39","guid":{"rendered":"http:\/\/agora.xtec.cat\/ies-baix-montseny\/?p=1166"},"modified":"2017-08-30T12:04:27","modified_gmt":"2017-08-30T10:04:27","slug":"carta-informativa-inici-de-curs-20172018","status":"publish","type":"post","link":"https:\/\/agora.xtec.cat\/ies-baix-montseny\/general\/carta-informativa-inici-de-curs-20172018\/","title":{"rendered":"Carta informativa inici de curs 2017\/2018"},"content":{"rendered":"<h4>Hi ha hagut modificacions de les reunions de pares de 1r d&#8217;ESO i 1r de BAT degut a les obres.<\/h4>\n<p>Benvolguts pares, mares i\/o tutors legals,<\/p>\n<p>Com ja sabeu, el proper <strong>dijous 14 de setembre<\/strong> comen\u00e7a el nou curs 2017-2018. El primer dia el dedicarem a fer la presentaci\u00f3 del curs i l\u2019horari ser\u00e0 el seg\u00fcent (el transport escolar ja est\u00e0 avisat):<\/p>\n<table>\n<tbody>\n<tr>\n<td rowspan=\"3\" width=\"119\">Horari: de 10 a 12 hores<\/td>\n<td rowspan=\"2\" width=\"91\"><strong>1r d\u2019ESO<\/strong><\/td>\n<td width=\"395\">10:00-10:30 h: Presentaci\u00f3 a la Sala d\u2019Actes amb l\u2019equip directiu<\/td>\n<\/tr>\n<tr>\n<td width=\"395\">10:30-12:00 h: Rebuda dels tutors a les respectives aules<\/td>\n<\/tr>\n<tr>\n<td width=\"91\"><strong>2n, 3r i 4t d\u2019ESO<\/strong><\/td>\n<td width=\"395\">10:00-12:00 h: Presentaci\u00f3 dels tutors a les respectives aules<\/td>\n<\/tr>\n<tr>\n<td rowspan=\"3\" width=\"119\">Horari: de 12 a 13:30h<\/td>\n<td rowspan=\"2\" width=\"91\"><strong>1r BAT<\/strong><\/td>\n<td width=\"395\">12:00-12:30 h: Presentaci\u00f3 a la Sala d\u2019Actes amb l\u2019equip directiu<\/td>\n<\/tr>\n<tr>\n<td width=\"395\">12:30-13:30 h: Rebuda dels tutors a les respectives aules<\/td>\n<\/tr>\n<tr>\n<td width=\"91\"><strong>2n BAT<\/strong><\/td>\n<td width=\"395\">12:00-13:30 h: Presentaci\u00f3 dels tutors a les respectives aules<\/td>\n<\/tr>\n<tr>\n<td rowspan=\"3\" width=\"119\">Horari: de 12:30 a 14h<\/td>\n<td rowspan=\"2\" width=\"91\"><strong>1r CFGM<\/strong><\/p>\n<p><strong>Admin.<\/strong><\/td>\n<td width=\"395\">12:30-13:00 h: Presentaci\u00f3 a la Sala d\u2019Actes amb l\u2019equip directiu<\/td>\n<\/tr>\n<tr>\n<td width=\"395\">13:00-14:00 h: Presentaci\u00f3 dels tutors a les respectives aules<\/td>\n<\/tr>\n<tr>\n<td width=\"91\"><strong>2n CFGM<\/strong><\/p>\n<p><strong>Admin.<\/strong><\/td>\n<td width=\"395\">12:30-14:00 h: Presentaci\u00f3 dels tutors a les respectives aules<\/td>\n<\/tr>\n<\/tbody>\n<\/table>\n<p>El <strong>divendres 15 de setembre<\/strong> s\u2019iniciaran les classes normals seguint l\u2019horari que es donar\u00e0 a cada alumne el dia de la presentaci\u00f3.<\/p>\n<p>El CFGM de Manteniment electromec\u00e0nic comen\u00e7ar\u00e0 el <strong>dimarts 19 de setembre <\/strong>en el seg\u00fcent horari:<\/p>\n<table>\n<tbody>\n<tr>\n<td rowspan=\"2\" width=\"119\">Horari: de 12:30 a 14h<\/td>\n<td rowspan=\"2\" width=\"91\"><strong>1r CFGM<\/strong><\/td>\n<td width=\"395\">12:30-13:00 h: Presentaci\u00f3 a l\u2019aula teoria del nou edifici amb l\u2019equip directiu<\/td>\n<\/tr>\n<tr>\n<td width=\"395\">13:00-14:00 h: Presentaci\u00f3 del tutor a la seva aula<\/td>\n<\/tr>\n<tr>\n<td width=\"119\">Horari: de 12:30 a 14h<\/td>\n<td width=\"91\"><strong>2n CFGM<\/strong><\/td>\n<td width=\"395\">12:30-14:00 h: Presentaci\u00f3 del tutor a la seva aula<\/td>\n<\/tr>\n<\/tbody>\n<\/table>\n<p>A continuaci\u00f3 us detallem els horaris de les reunions de pares i mares d\u2019inici de curs en qu\u00e8 us explicarem el curr\u00edculum i el funcionament\u00a0 del nou curs acad\u00e8mic que tot just ara comen\u00e7a.<\/p>\n<table>\n<tbody>\n<tr style=\"height: 31px;\">\n<td style=\"height: 31px;\" width=\"215\">Curs<\/td>\n<td style=\"height: 31px;\" width=\"293\">Dia<\/td>\n<td style=\"height: 31px;\" width=\"115\">Hora<\/td>\n<\/tr>\n<tr style=\"height: 40px;\">\n<td style=\"height: 40px;\" width=\"215\">\n<h6>1r d\u2019ESO<\/h6>\n<\/td>\n<td style=\"height: 40px;\" width=\"293\">\n<h6>Dimarts 12 de setembre de 2017<\/h6>\n<\/td>\n<td style=\"height: 40px;\" width=\"115\">\n<h6>17:00 h<\/h6>\n<\/td>\n<\/tr>\n<tr style=\"height: 31px;\">\n<td style=\"height: 31px;\" width=\"215\">2n, 3r i 4t d\u2019ESO<\/td>\n<td style=\"height: 31px;\" width=\"293\">Dimarts 19 de setembre de 2017<\/td>\n<td style=\"height: 31px;\" width=\"115\">18:00 h<\/td>\n<\/tr>\n<tr style=\"height: 44px;\">\n<td style=\"height: 44px;\" width=\"215\">\n<h6>1r de Batxillerat<\/h6>\n<\/td>\n<td style=\"height: 44px;\" width=\"293\">\n<h6>Dimarts 12 de setembre de 2017<\/h6>\n<\/td>\n<td style=\"height: 44px;\" width=\"115\">\n<h6>18:00 h<\/h6>\n<\/td>\n<\/tr>\n<tr style=\"height: 31px;\">\n<td style=\"height: 31px;\" width=\"215\">2n de Batxillerat<\/td>\n<td style=\"height: 31px;\" width=\"293\">Dimarts 19 de setembre de 2017<\/td>\n<td style=\"height: 31px;\" width=\"115\">18:00 h<\/td>\n<\/tr>\n<tr style=\"height: 46px;\">\n<td style=\"height: 46px;\" width=\"215\">1r i 2n de CFGM d\u2019Administratiu i Manteniment<\/td>\n<td style=\"height: 46px;\" width=\"293\">Dijous 28 de setembre de 2017<\/td>\n<td style=\"height: 46px;\" width=\"115\">18:00 h<\/td>\n<\/tr>\n<\/tbody>\n<\/table>\n<p>Us volem recordar que la vostra assist\u00e8ncia \u00e9s molt important per tal que conegueu de primera m\u00e0 tota la informaci\u00f3 que fa refer\u00e8ncia a l\u2019educaci\u00f3 i aprenentatge dels vostres fills\/es, aix\u00ed com per tenir un primer contacte amb el tutor\/a, que d\u2019ara en endavant ser\u00e0 l\u2019enlla\u00e7 entre vosaltres i l\u2019institut.<\/p>\n<p>Agra\u00efm per endavant la vostra assist\u00e8ncia.<\/p>\n<p>Atentament,<\/p>\n<p>L\u2019Equip Directiu<\/p>\n<p>&nbsp;<\/p>\n","protected":false},"excerpt":{"rendered":"<p>Hi ha hagut modificacions de les reunions de pares de 1r d&#8217;ESO i 1r de BAT degut a les obres.<br \/>\nBenvolguts pares, mares i\/o tutors legals,<br \/>\nCom ja sabeu, el proper dijous 14 de setembre comen\u00e7a el nou curs 2017-2018. El primer dia el dedicarem a fer&hellip;  <a href=\"https:\/\/agora.xtec.cat\/ies-baix-montseny\/general\/carta-informativa-inici-de-curs-20172018\/\" title=\"Read Carta informativa inici de curs 2017\/2018\">Llegeix m\u00e9s\u00bb<\/a><\/p>\n","protected":false},"author":6,"featured_media":0,"comment_status":"open","ping_status":"closed","sticky":false,"template":"","format":"standard","meta":{"_bbp_topic_count":0,"_bbp_reply_count":0,"_bbp_total_topic_count":0,"_bbp_total_reply_count":0,"_bbp_voice_count":0,"_bbp_anonymous_reply_count":0,"_bbp_topic_count_hidden":0,"_bbp_reply_count_hidden":0,"_bbp_forum_subforum_count":0,"footnotes":""},"categories":[8,30,3,1,29],"tags":[],"class_list":["post-1166","post","type-post","status-publish","format-standard","hentry","category-batxillerat","category-cicles-formatius","category-eso","category-general","category-portada"],"post_mailing_queue_ids":[],"_links":{"self":[{"href":"https:\/\/agora.xtec.cat\/ies-baix-montseny\/wp-json\/wp\/v2\/posts\/1166","targetHints":{"allow":["GET"]}}],"collection":[{"href":"https:\/\/agora.xtec.cat\/ies-baix-montseny\/wp-json\/wp\/v2\/posts"}],"about":[{"href":"https:\/\/agora.xtec.cat\/ies-baix-montseny\/wp-json\/wp\/v2\/types\/post"}],"author":[{"embeddable":true,"href":"https:\/\/agora.xtec.cat\/ies-baix-montseny\/wp-json\/wp\/v2\/users\/6"}],"replies":[{"embeddable":true,"href":"https:\/\/agora.xtec.cat\/ies-baix-montseny\/wp-json\/wp\/v2\/comments?post=1166"}],"version-history":[{"count":3,"href":"https:\/\/agora.xtec.cat\/ies-baix-montseny\/wp-json\/wp\/v2\/posts\/1166\/revisions"}],"predecessor-version":[{"id":1181,"href":"https:\/\/agora.xtec.cat\/ies-baix-montseny\/wp-json\/wp\/v2\/posts\/1166\/revisions\/1181"}],"wp:attachment":[{"href":"https:\/\/agora.xtec.cat\/ies-baix-montseny\/wp-json\/wp\/v2\/media?parent=1166"}],"wp:term":[{"taxonomy":"category","embeddable":true,"href":"https:\/\/agora.xtec.cat\/ies-baix-montseny\/wp-json\/wp\/v2\/categories?post=1166"},{"taxonomy":"post_tag","embeddable":true,"href":"https:\/\/agora.xtec.cat\/ies-baix-montseny\/wp-json\/wp\/v2\/tags?post=1166"}],"curies":[{"name":"wp","href":"https:\/\/api.w.org\/{rel}","templated":true}]}}