{"id":66,"count":5,"description":"El viatge de 4t d'ESO \u00e9s una activitat pensada perqu\u00e8 els alumnes, que han compartit quatre anys de viv\u00e8ncies a l'institut i comen\u00e7aran camins diferents el curs vinent, puguin acomiadar-se amb una \u00faltima experi\u00e8ncia comuna, de conviv\u00e8ncia, en un ambient nou per a ells. M\u00e9s enll\u00e0 d'una sortida d'oci es tracta tamb\u00e9 d'un viatge d'iniciaci\u00f3 en el qual els alumnes han de posar en pr\u00e0ctica les compet\u00e8ncia socials que han adquirit al llarg de la seva escolaritat.\r\n\r\n<strong>Campanya de Nadal<\/strong>\r\n\r\nPer ajudar els alumnes a finan\u00e7ar-se el viatge, entre octubre i desembre es posa en marxa una campanya de venda de productes naturals, els beneficis de la qual serveixen perqu\u00e8 cada alumne pugui pagar-se una part del viatge. \u00c9s una activitat volunt\u00e0ria; l'alumne que hi vulgui participar ha de comptar amb l'autoritzaci\u00f3 d'un adult i s'ha de comprometre a entregar els diners a l'institut (que \u00e9s qui s'encarrega d'organitzar el viatge). Els guanys que obt\u00e9 l'alumne s\u00f3n individuals, intransferibles i exclusivament per pagar el viatge. Si un alumne al final renuncia a fer-lo els guanys van a un pot com\u00fa.\r\n\r\n<strong>Destinaci\u00f3<\/strong>\r\n\r\nNo hi ha una destinaci\u00f3 preestablerta. Al gener, en tornar de les vacances de nadal, es fa una enquesta entre els alumnes per elegir el lloc on volen anar\u00a0d'una llista.\u00a0Les destinacions que poden elegir s\u00f3n: Mallorca, Can\u00e0ries (Tenerife o Lanzarote), It\u00e0lia, Fran\u00e7a o una altra destinaci\u00f3 europea o nacional.\r\n\r\nNom\u00e9s els alumnes que tinguin intenci\u00f3 de fer el viatge poden participar en l'elecci\u00f3 de la destinaci\u00f3. Per aix\u00f2, amb l'enquesta tamb\u00e9 han d'entregar una autoritzaci\u00f3 signada per un tutor legal i fer una paga i senyal.\r\n\r\n<strong>Calendari:<\/strong>\r\n<ul>\r\n \t<li><em>Octubre - desembre:<\/em> Campanya de venda de productes naturals<\/li>\r\n \t<li><em>Gener:<\/em> Elecci\u00f3 de la destinaci\u00f3<\/li>\r\n \t<li><em>Febrer:<\/em> Es comunica als alumnes el pressupost<\/li>\r\n \t<li><em>Del 9 i el 15 de juny:<\/em> Viatge<\/li>\r\n<\/ul>\r\n<sub><strong>Nota <\/strong>: Les dates poden variar d'acord amb la disponibilitat d'ofertes, transports, acompanyants, etc.<\/sub>\r\n\r\n<strong>Preguntes freq\u00fcents<\/strong>\r\n<ul>\r\n \t<li><strong>Quins alumnes poden anar al viatge?<\/strong> En principi tots els alumnes que cursin 4t d'ESO a l'institut, amb l'excepci\u00f3 d'aquells que repeteixin el curs i ja hagin fet el viatge el curs anterior. L'equip docent\u00a0es reserva el dret a\u00a0vetar l'assist\u00e8ncia d'aquells alumnes\u00a0que es consideri que pel seu comportament poden ocasionar problemes durant el viatge.<\/li>\r\n \t<li><strong>Qui va d'acompanyant?<\/strong> Els alumnes aniran acompanyats per professors membres de l'equip docent de 4t d'ESO. El nombre d'aquests acompanyants dependr\u00e0 del nombre d'alumnes que facin el viatge.<\/li>\r\n<\/ul>\r\n&nbsp;","link":"https:\/\/agora.xtec.cat\/ies-baix-montseny\/categoria\/activitats\/viatge-de-final-de-curs-de-4t\/","name":"Viatge de final de curs de 4t","slug":"viatge-de-final-de-curs-de-4t","taxonomy":"category","parent":64,"meta":[],"_links":{"self":[{"href":"https:\/\/agora.xtec.cat\/ies-baix-montseny\/wp-json\/wp\/v2\/categories\/66","targetHints":{"allow":["GET"]}}],"collection":[{"href":"https:\/\/agora.xtec.cat\/ies-baix-montseny\/wp-json\/wp\/v2\/categories"}],"about":[{"href":"https:\/\/agora.xtec.cat\/ies-baix-montseny\/wp-json\/wp\/v2\/taxonomies\/category"}],"up":[{"embeddable":true,"href":"https:\/\/agora.xtec.cat\/ies-baix-montseny\/wp-json\/wp\/v2\/categories\/64"}],"wp:post_type":[{"href":"https:\/\/agora.xtec.cat\/ies-baix-montseny\/wp-json\/wp\/v2\/posts?categories=66"}],"curies":[{"name":"wp","href":"https:\/\/api.w.org\/{rel}","templated":true}]}}