{"id":9971,"date":"2021-11-15T14:31:20","date_gmt":"2021-11-15T13:31:20","guid":{"rendered":"https:\/\/agora.xtec.cat\/ies-arraona\/?p=9971"},"modified":"2024-10-21T19:19:19","modified_gmt":"2024-10-21T17:19:19","slug":"examens-trimestrals-1r-trimestre-segon-batxillerat","status":"publish","type":"post","link":"https:\/\/agora.xtec.cat\/ies-arraona\/general\/examens-trimestrals-1r-trimestre-segon-batxillerat\/","title":{"rendered":"EX\u00c0MENS TRIMESTRALS 1r TRIMESTRE SEGON BATXILLERAT"},"content":{"rendered":"<div>\n<table style=\"border-color: #ffffff; width: 100%; height: 533px;\">\n<tbody>\n<tr style=\"height: 79px;\">\n<td style=\"width: 1.21212%; border-color: #ffffff; height: 79px; text-align: justify;\" colspan=\"2\"><a href=\"https:\/\/agora.xtec.cat\/ies-arraona\/wp-content\/uploads\/usu1014\/2021\/11\/TR1-B2B.jpg\"><img loading=\"lazy\" decoding=\"async\" class=\"alignnone wp-image-9970\" src=\"https:\/\/agora.xtec.cat\/ies-arraona\/wp-content\/uploads\/usu1014\/2021\/11\/TR1-B2B.jpg\" alt=\"\" width=\"342\" height=\"360\" srcset=\"https:\/\/agora.xtec.cat\/ies-arraona\/wp-content\/uploads\/usu1014\/2021\/11\/TR1-B2B.jpg 626w, https:\/\/agora.xtec.cat\/ies-arraona\/wp-content\/uploads\/usu1014\/2021\/11\/TR1-B2B-285x300.jpg 285w\" sizes=\"auto, (max-width: 342px) 100vw, 342px\" \/><\/a><a href=\"https:\/\/agora.xtec.cat\/ies-arraona\/wp-content\/uploads\/usu1014\/2021\/11\/TR1-B2A.jpg\"><img loading=\"lazy\" decoding=\"async\" class=\"alignnone wp-image-9969\" src=\"https:\/\/agora.xtec.cat\/ies-arraona\/wp-content\/uploads\/usu1014\/2021\/11\/TR1-B2A.jpg\" alt=\"\" width=\"320\" height=\"361\" srcset=\"https:\/\/agora.xtec.cat\/ies-arraona\/wp-content\/uploads\/usu1014\/2021\/11\/TR1-B2A.jpg 558w, https:\/\/agora.xtec.cat\/ies-arraona\/wp-content\/uploads\/usu1014\/2021\/11\/TR1-B2A-266x300.jpg 266w\" sizes=\"auto, (max-width: 320px) 100vw, 320px\" \/><\/a><\/p>\n<p>L&#8217;alumnat de 2n de Batxillerat realitzar\u00e0 ex\u00e0mens trimestrals del dimecres 17 al divendres 19 de novembre. Aquests dies l&#8217;alumnat nom\u00e9s vindr\u00e0 al centre a realitzar els ex\u00e0mens espec\u00edfics i no tindran classe. D&#8217;aquesta manera l&#8217;alumnat circular\u00e0 lliurament segons els horaris dels ex\u00e0mens i les entrades i sortides es faran per la porta principal. Els patis es faran amb normalitat i quan no tinguin examen podran estudiar a les aules grups.<\/td>\n<\/tr>\n<\/tbody>\n<\/table>\n<\/div>\n<div><\/div>\n<div><\/div>\n<div><\/div>\n<div><\/div>\n","protected":false},"excerpt":{"rendered":"<p><a href=\"https:\/\/agora.xtec.cat\/ies-arraona\/wp-content\/uploads\/usu1014\/2021\/11\/TR1-B2B.jpg\"><\/a><a href=\"https:\/\/agora.xtec.cat\/ies-arraona\/wp-content\/uploads\/usu1014\/2021\/11\/TR1-B2A.jpg\"><\/a><br \/>\nL&#8217;alumnat de 2n de Batxillerat realitzar\u00e0 ex\u00e0mens trimestrals del dimecres 17 al divendres 19 de novembre. Aquests dies l&#8217;alumnat nom\u00e9s vindr\u00e0 al centre a realitzar els ex\u00e0mens espec\u00edfics i no tindran classe. D&#8217;aquesta manera l&#8217;alumnat circular\u00e0 lliurament segons els horaris dels ex\u00e0mens i&hellip;  <a href=\"https:\/\/agora.xtec.cat\/ies-arraona\/general\/examens-trimestrals-1r-trimestre-segon-batxillerat\/\" title=\"Read EX\u00c0MENS TRIMESTRALS 1r TRIMESTRE SEGON BATXILLERAT\">Llegeix m\u00e9s\u00bb<\/a><\/p>\n","protected":false},"author":10,"featured_media":0,"comment_status":"closed","ping_status":"closed","sticky":false,"template":"","format":"standard","meta":{"_bbp_topic_count":0,"_bbp_reply_count":0,"_bbp_total_topic_count":0,"_bbp_total_reply_count":0,"_bbp_voice_count":0,"_bbp_anonymous_reply_count":0,"_bbp_topic_count_hidden":0,"_bbp_reply_count_hidden":0,"_bbp_forum_subforum_count":0,"footnotes":""},"categories":[104,8,191,192,142,1,29],"tags":[],"class_list":["post-9971","post","type-post","status-publish","format-standard","hentry","category-batxi-2","category-batxillerat","category-batxi-2a","category-batxi-2b","category-departaments-didactics","category-general","category-portada"],"post_mailing_queue_ids":[],"_links":{"self":[{"href":"https:\/\/agora.xtec.cat\/ies-arraona\/wp-json\/wp\/v2\/posts\/9971","targetHints":{"allow":["GET"]}}],"collection":[{"href":"https:\/\/agora.xtec.cat\/ies-arraona\/wp-json\/wp\/v2\/posts"}],"about":[{"href":"https:\/\/agora.xtec.cat\/ies-arraona\/wp-json\/wp\/v2\/types\/post"}],"author":[{"embeddable":true,"href":"https:\/\/agora.xtec.cat\/ies-arraona\/wp-json\/wp\/v2\/users\/10"}],"replies":[{"embeddable":true,"href":"https:\/\/agora.xtec.cat\/ies-arraona\/wp-json\/wp\/v2\/comments?post=9971"}],"version-history":[{"count":3,"href":"https:\/\/agora.xtec.cat\/ies-arraona\/wp-json\/wp\/v2\/posts\/9971\/revisions"}],"predecessor-version":[{"id":10006,"href":"https:\/\/agora.xtec.cat\/ies-arraona\/wp-json\/wp\/v2\/posts\/9971\/revisions\/10006"}],"wp:attachment":[{"href":"https:\/\/agora.xtec.cat\/ies-arraona\/wp-json\/wp\/v2\/media?parent=9971"}],"wp:term":[{"taxonomy":"category","embeddable":true,"href":"https:\/\/agora.xtec.cat\/ies-arraona\/wp-json\/wp\/v2\/categories?post=9971"},{"taxonomy":"post_tag","embeddable":true,"href":"https:\/\/agora.xtec.cat\/ies-arraona\/wp-json\/wp\/v2\/tags?post=9971"}],"curies":[{"name":"wp","href":"https:\/\/api.w.org\/{rel}","templated":true}]}}