{"id":13582,"date":"2026-04-25T12:08:19","date_gmt":"2026-04-25T10:08:19","guid":{"rendered":"https:\/\/agora.xtec.cat\/ies-arraona\/?p=13582"},"modified":"2026-04-25T12:26:40","modified_gmt":"2026-04-25T10:26:40","slug":"sababot","status":"publish","type":"post","link":"https:\/\/agora.xtec.cat\/ies-arraona\/general\/sababot\/","title":{"rendered":"SABABOT. FIRA DE ROB\u00d2TICA I MAKER"},"content":{"rendered":"<div class=\"CjVfdc\" style=\"text-align: center;\"><\/div>\n<div><\/div>\n<div><a href=\"https:\/\/youtu.be\/-JPHQA4jtuk\"><img loading=\"lazy\" decoding=\"async\" class=\"aligncenter\" src=\"https:\/\/agora.xtec.cat\/ies-arraona\/wp-content\/uploads\/usu1014\/2026\/04\/Cartell-SAbabot.jpeg\" alt=\"Sababot\" width=\"596\" height=\"415\" \/><\/a><\/div>\n<div><\/div>\n<p dir=\"ltr\">\n<p class=\"zfr3Q CDt4Ke \" dir=\"ltr\"><span class=\"C9DxTc \">La Sababot, la 1a Fira de Rob\u00f2tica i Maker, t\u00e9 per objectiu mostrar a la ciutadania els projectes dels centres educatius de prim\u00e0ria i secund\u00e0ria de Sabadell i Sant Quirze del Vall\u00e8s en els quals l\u2019alumnat ha ideat i desenvolupat solucions a partir de la programaci\u00f3, la rob\u00f2tica i fabricant objectes\u00a0<\/span><span class=\"C9DxTc \">tecnol\u00f2gics o artesanals, amb el suport d&#8217;eines digitals.<\/span><span class=\"C9DxTc \">\u00a0<\/span><\/p>\n<p class=\"zfr3Q CDt4Ke \" dir=\"ltr\"><span class=\"C9DxTc \">Els nostres alumnes de primer d&#8217;ESO i primer de batxillerat participaran presentant els seus projectes.<\/span><\/p>\n<p dir=\"ltr\">Us animem a passar !!!\u00a0 \u00a0 \u00a0 <a href=\"https:\/\/sites.google.com\/xtec.cat\/sababot\/m%C3%A9s-coses\/sababot-runner?authuser=0#h.6bfigdty59o1\" target=\"_blank\" rel=\"noopener\">Voleu jugar amb nosaltres?<\/a><\/p>\n<p><iframe loading=\"lazy\" title=\"SABABOT 2026 - Fira de rob\u00f2tica i maker de Sabadell\" width=\"500\" height=\"375\" src=\"https:\/\/www.youtube.com\/embed\/-JPHQA4jtuk?feature=oembed\" frameborder=\"0\" allow=\"accelerometer; autoplay; clipboard-write; encrypted-media; gyroscope; picture-in-picture; web-share\" referrerpolicy=\"strict-origin-when-cross-origin\" allowfullscreen><\/iframe><\/p>\n<p>&nbsp;<\/p>\n","protected":false},"excerpt":{"rendered":"<p><a href=\"https:\/\/youtu.be\/-JPHQA4jtuk\"><\/a><\/p>\n<p>La Sababot, la 1a Fira de Rob\u00f2tica i Maker, t\u00e9 per objectiu mostrar a la ciutadania els projectes dels centres educatius de prim\u00e0ria i secund\u00e0ria de Sabadell i Sant Quirze del Vall\u00e8s en els quals l\u2019alumnat ha ideat i desenvolupat solucions a partir de&hellip;  <a href=\"https:\/\/agora.xtec.cat\/ies-arraona\/general\/sababot\/\" title=\"Read SABABOT. FIRA DE ROB\u00d2TICA I MAKER\">Llegeix m\u00e9s\u00bb<\/a><\/p>\n","protected":false},"author":7,"featured_media":0,"comment_status":"closed","ping_status":"closed","sticky":true,"template":"","format":"standard","meta":{"_bbp_topic_count":0,"_bbp_reply_count":0,"_bbp_total_topic_count":0,"_bbp_total_reply_count":0,"_bbp_voice_count":0,"_bbp_anonymous_reply_count":0,"_bbp_topic_count_hidden":0,"_bbp_reply_count_hidden":0,"_bbp_forum_subforum_count":0,"footnotes":""},"categories":[103,167,8,174,162,4,9,10,11,156,187,1,29],"tags":[],"class_list":["post-13582","post","type-post","status-publish","format-standard","hentry","category-batxi-1","category-ambit-tec","category-batxillerat","category-dep_ciencies","category-dep_matematiques","category-eso-1","category-eso-1a","category-eso-1b","category-eso-1c","category-eso-1d","category-eso-1e","category-general","category-portada"],"post_mailing_queue_ids":[],"_links":{"self":[{"href":"https:\/\/agora.xtec.cat\/ies-arraona\/wp-json\/wp\/v2\/posts\/13582","targetHints":{"allow":["GET"]}}],"collection":[{"href":"https:\/\/agora.xtec.cat\/ies-arraona\/wp-json\/wp\/v2\/posts"}],"about":[{"href":"https:\/\/agora.xtec.cat\/ies-arraona\/wp-json\/wp\/v2\/types\/post"}],"author":[{"embeddable":true,"href":"https:\/\/agora.xtec.cat\/ies-arraona\/wp-json\/wp\/v2\/users\/7"}],"replies":[{"embeddable":true,"href":"https:\/\/agora.xtec.cat\/ies-arraona\/wp-json\/wp\/v2\/comments?post=13582"}],"version-history":[{"count":6,"href":"https:\/\/agora.xtec.cat\/ies-arraona\/wp-json\/wp\/v2\/posts\/13582\/revisions"}],"predecessor-version":[{"id":13595,"href":"https:\/\/agora.xtec.cat\/ies-arraona\/wp-json\/wp\/v2\/posts\/13582\/revisions\/13595"}],"wp:attachment":[{"href":"https:\/\/agora.xtec.cat\/ies-arraona\/wp-json\/wp\/v2\/media?parent=13582"}],"wp:term":[{"taxonomy":"category","embeddable":true,"href":"https:\/\/agora.xtec.cat\/ies-arraona\/wp-json\/wp\/v2\/categories?post=13582"},{"taxonomy":"post_tag","embeddable":true,"href":"https:\/\/agora.xtec.cat\/ies-arraona\/wp-json\/wp\/v2\/tags?post=13582"}],"curies":[{"name":"wp","href":"https:\/\/api.w.org\/{rel}","templated":true}]}}