{"id":9750,"date":"2018-10-24T15:08:49","date_gmt":"2018-10-24T13:08:49","guid":{"rendered":"http:\/\/agora.xtec.cat\/ies-antoni-pous\/?p=9750"},"modified":"2018-11-05T15:57:00","modified_gmt":"2018-11-05T14:57:00","slug":"proces-seleccio-2018-2019-professorat-tei","status":"publish","type":"post","link":"https:\/\/agora.xtec.cat\/ies-antoni-pous\/portada\/proces-seleccio-2018-2019-professorat-tei\/","title":{"rendered":"Proc\u00e9s selecci\u00f3 2018 2019 &#8211; Professorat TEI"},"content":{"rendered":"<p style=\"text-align: center;\"><strong>Convocat\u00f2ria candidatures professorat projecte de mobilitat internacional<\/strong><\/p>\n<p style=\"text-align: center;\"><strong>TEI<\/strong><\/p>\n<p><strong>\u00a0<\/strong><\/p>\n<p><strong>Nombre de candidatures:<\/strong> 4 professor\/es equip docent TEI<\/p>\n<p><strong>Instituci\u00f3 col\u00b7laboradora<\/strong>: Centro di Ricerca e Documentazione sull&#8217;Infanzia La Bottega di Geppetto (San Miniato, Italia). <a href=\"http:\/\/www.bottegadigeppetto.it\/_bdg_\/bdg_01chisiamo.html\">http:\/\/www.bottegadigeppetto.it\/_bdg_\/bdg_01chisiamo.html<\/a><\/p>\n<p>&nbsp;<\/p>\n<p>Benvolgudes i benvolguts,<\/p>\n<p>S\u2019obre la convocat\u00f2ria per enviar sol\u00b7licituds de participaci\u00f3, per part del professorat del CFGS Educaci\u00f3 Infantil de l\u2019INS Antoni Pous i Argila, al projecte finan\u00e7at per ERASMUS+:<\/p>\n<p>S\u2019ofereixen 4 places per professorat del CFGS Educaci\u00f3 infantil per tal de fer un job shadowing als serveis municipals educatius de la Comune de San Miniato (It\u00e0lia), gestionat\u00a0 pel\u00a0Centro di Ricerca e Documentazione sull&#8217;Infanzia La Bottega di Geppetto.<\/p>\n<p>La convocat\u00f2ria romandr\u00e0 oberta del <strong><u>dilluns 5 de novembre al divendres 9 de novembre del 2018<\/u><\/strong><u>.<\/u><\/p>\n<p>Durant aquests cinc dies, els i les candidates interessades podran enviar la documentaci\u00f3 pertinent per formar part del projecte.<\/p>\n<p>Per tal que el professorat\u00a0es pugui presentar a la convocat\u00f2ria es requereix que<\/p>\n<p>&nbsp;<\/p>\n<ul>\n<li>El professor\/a presenti certes garanties d\u2019estabilitat en el centre (funcionarat o interinitat)<\/li>\n<li>El professor\/a\u00a0haur\u00e0 de respondre la\u00a0<a href=\"https:\/\/goo.gl\/forms\/nSvA5HHq7rX75A5r2\">sol\u00b7licitud per participar en la convocat\u00f2ria corresponent.<\/a>(clicar sobre l\u2019enlla\u00e7).<\/li>\n<li>Es valorar\u00e0:\n<ul>\n<li>El\u00a0<a href=\"http:\/\/llengua.gencat.cat\/web\/.content\/documents\/publicacions\/marc_europeu_comu_de_referencia_per_a_les_llengues\/arxius\/marc_cap3.pdf\">nivell ling\u00fc\u00edstic<\/a>\u00a0en relaci\u00f3 a l\u2019idioma requerit per la convocat\u00f2ria en q\u00fcesti\u00f3:\u00a0llengua del pa\u00eds o en darrer cas, de l\u2019angl\u00e8s \u00a0(m\u00e0xim 5\u00a0punts).\n<ul>\n<li>B1 = 2 punts; B2 = 3\u00a0punts; C1 = 4\u00a0punts; C2 = 5\u00a0punts<\/li>\n<\/ul>\n<\/li>\n<li>El nombre d\u2019hores en qu\u00e8 el professor\/a canditat\/a imparteixi classes en el cicle directament relacionat amb la convocat\u00f2ria (m\u00e0xim 2 punts).\n<ul>\n<li>&gt; 50% hores de la seva dedicaci\u00f3 lectiva = 1 punt; &gt; 75% hores de la seva dedicaci\u00f3 lectiva = 2 punts.<\/li>\n<\/ul>\n<\/li>\n<li>Experi\u00e8ncia professional:\u00a0<a href=\"http:\/\/europass.cedefop.europa.eu\/\">curr\u00edculim EUROPASS<\/a>. (m\u00e0xim 1 punt)<\/li>\n<li>Una carta de motivaci\u00f3 presentada pel professor\/a (m\u00e0xim 2 punts): descripci\u00f3 sobre qu\u00e8 s\u2019espera aconseguir mitjan\u00e7ant la seva participaci\u00f3 en el projecte de mobilitat en q\u00fcesti\u00f3; descripci\u00f3 sobre com es pensa incorporar els aprenentatges adquirits durant la mobilitat en l\u2019activitat docent del nostre centre.<\/li>\n<\/ul>\n<\/li>\n<\/ul>\n<p>Les candidatures seran valorades pel coordinador\/a de mobilitat internacional FP, el coodinador\/a de FP i el\/la cap d\u2019estudis en funci\u00f3 dels barems abans exposats.\u00a0Per tal de poder ser un candidat a fer mobilitat cal haver tret una puntuaci\u00f3 m\u00ednima\u00a0en els seg\u00fcents apartats:<\/p>\n<ul>\n<li>Nivell ling\u00fc\u00edstic: m\u00ednim 2\u00a0punts<\/li>\n<li>Nombre d\u2019hores en el cicle relacionat amb el projecte: m\u00ednim 1 punt<\/li>\n<li>Experi\u00e8ncia professional: no hi ha puntuaci\u00f3 m\u00ednima.<\/li>\n<li>Carta motivaci\u00f3: m\u00ednim 1 punt<\/li>\n<\/ul>\n<p>Les places s\u2019assignaran per ordre de puntuaci\u00f3, depenent de la disponibilitat. Es publicaran els DNI dels candidats\/es al taul\u00f3 d\u2019anuncis i a la p\u00e0gina web. Es podran presentar reclamacions a la resoluci\u00f3 els 3 dies seg\u00fcents a la seva\u00a0publicaci\u00f3 a trav\u00e9s de la seg\u00fcent\u00a0<a href=\"https:\/\/drive.google.com\/file\/d\/0B8MiQ9_tmCCMd3FUa2twV3pWOTA\/view?usp=sharing\">inst\u00e0ncia<\/a>. Un cop s\u2019hagi descarregat, omplert i signat cal fer arribar\u00a0al coordinador\/a de mobilitat internacional FP en persona o escanejant el document omplert i signat i enviant-lo a fpmobilitat@gmail.com. Finalment, es publicar\u00e0 la llista definitiva dels candidats\/es (DNI) al taul\u00f3 d\u2019anuncis i a la p\u00e0gina web, indicant la puntuaci\u00f3 baremada. Als candidat\/es seleccionat\/des se\u2019ls enviar\u00e0 a m\u00e9s a m\u00e9s un correu electr\u00f2nic.<\/p>\n<p>Un cop el professorat\u00a0hagi estat seleccionat, se li lliurar\u00e0 el document de\u00a0<a href=\"https:\/\/drive.google.com\/file\/d\/0B8MiQ9_tmCCMMWRpalNYMXBoNUk\/view?usp=sharing\">comprom\u00eds de\u00a0participaci\u00f3<\/a>. L\u2019haur\u00e0 d\u2019omplir, signar i entregar al coordinador de mobilitat internacional FP en persona o escanejant el document (omplert i signat i enviant-lo a fpmobilitat@gmail.com)..<\/p>\n<p>El professorat comptar\u00e0 amb suports per part del centre per la seva preparaci\u00f3 cultural i ling\u00fc\u00edstica.<\/p>\n<p>&nbsp;<\/p>\n<p>Atentament,<\/p>\n<p>&nbsp;<\/p>\n<p><strong>Comissi\u00f3 mobilitat internacional FP<\/strong><\/p>\n<p>Institut Antoni Pous i Argila (Manlleu)<\/p>\n","protected":false},"excerpt":{"rendered":"<p>Informaci\u00f3 i terminis sobre la convocat\u00f2ria de candidatures de mobilitat internacional per professorat TEI.<\/p>\n","protected":false},"author":13,"featured_media":9740,"comment_status":"closed","ping_status":"closed","sticky":false,"template":"","format":"standard","meta":{"_bbp_topic_count":0,"_bbp_reply_count":0,"_bbp_total_topic_count":0,"_bbp_total_reply_count":0,"_bbp_voice_count":0,"_bbp_anonymous_reply_count":0,"_bbp_topic_count_hidden":0,"_bbp_reply_count_hidden":0,"_bbp_forum_subforum_count":0,"site-sidebar-layout":"default","site-content-layout":"","ast-site-content-layout":"","site-content-style":"default","site-sidebar-style":"default","ast-global-header-display":"","ast-banner-title-visibility":"","ast-main-header-display":"","ast-hfb-above-header-display":"","ast-hfb-below-header-display":"","ast-hfb-mobile-header-display":"","site-post-title":"","ast-breadcrumbs-content":"","ast-featured-img":"","footer-sml-layout":"","theme-transparent-header-meta":"","adv-header-id-meta":"","stick-header-meta":"","header-above-stick-meta":"","header-main-stick-meta":"","header-below-stick-meta":"","astra-migrate-meta-layouts":"default","ast-page-background-enabled":"default","ast-page-background-meta":{"desktop":{"background-color":"var(--ast-global-color-4)","background-image":"","background-repeat":"repeat","background-position":"center center","background-size":"auto","background-attachment":"scroll","background-type":"","background-media":"","overlay-type":"","overlay-color":"","overlay-opacity":"","overlay-gradient":""},"tablet":{"background-color":"","background-image":"","background-repeat":"repeat","background-position":"center center","background-size":"auto","background-attachment":"scroll","background-type":"","background-media":"","overlay-type":"","overlay-color":"","overlay-opacity":"","overlay-gradient":""},"mobile":{"background-color":"","background-image":"","background-repeat":"repeat","background-position":"center center","background-size":"auto","background-attachment":"scroll","background-type":"","background-media":"","overlay-type":"","overlay-color":"","overlay-opacity":"","overlay-gradient":""}},"ast-content-background-meta":{"desktop":{"background-color":"var(--ast-global-color-5)","background-image":"","background-repeat":"repeat","background-position":"center center","background-size":"auto","background-attachment":"scroll","background-type":"","background-media":"","overlay-type":"","overlay-color":"","overlay-opacity":"","overlay-gradient":""},"tablet":{"background-color":"var(--ast-global-color-5)","background-image":"","background-repeat":"repeat","background-position":"center center","background-size":"auto","background-attachment":"scroll","background-type":"","background-media":"","overlay-type":"","overlay-color":"","overlay-opacity":"","overlay-gradient":""},"mobile":{"background-color":"var(--ast-global-color-5)","background-image":"","background-repeat":"repeat","background-position":"center center","background-size":"auto","background-attachment":"scroll","background-type":"","background-media":"","overlay-type":"","overlay-color":"","overlay-opacity":"","overlay-gradient":""}},"footnotes":""},"categories":[83,108,111,104,29,110],"tags":[],"class_list":["post-9750","post","type-post","status-publish","format-standard","has-post-thumbnail","hentry","category-erasmus","category-experiencies-de-mobilitat","category-mobilitat","category-mobilitat-internacional-fp","category-portada","category-professorat"],"post_mailing_queue_ids":[],"_links":{"self":[{"href":"https:\/\/agora.xtec.cat\/ies-antoni-pous\/wp-json\/wp\/v2\/posts\/9750","targetHints":{"allow":["GET"]}}],"collection":[{"href":"https:\/\/agora.xtec.cat\/ies-antoni-pous\/wp-json\/wp\/v2\/posts"}],"about":[{"href":"https:\/\/agora.xtec.cat\/ies-antoni-pous\/wp-json\/wp\/v2\/types\/post"}],"author":[{"embeddable":true,"href":"https:\/\/agora.xtec.cat\/ies-antoni-pous\/wp-json\/wp\/v2\/users\/13"}],"replies":[{"embeddable":true,"href":"https:\/\/agora.xtec.cat\/ies-antoni-pous\/wp-json\/wp\/v2\/comments?post=9750"}],"version-history":[{"count":2,"href":"https:\/\/agora.xtec.cat\/ies-antoni-pous\/wp-json\/wp\/v2\/posts\/9750\/revisions"}],"predecessor-version":[{"id":9770,"href":"https:\/\/agora.xtec.cat\/ies-antoni-pous\/wp-json\/wp\/v2\/posts\/9750\/revisions\/9770"}],"wp:featuredmedia":[{"embeddable":true,"href":"https:\/\/agora.xtec.cat\/ies-antoni-pous\/wp-json\/wp\/v2\/media\/9740"}],"wp:attachment":[{"href":"https:\/\/agora.xtec.cat\/ies-antoni-pous\/wp-json\/wp\/v2\/media?parent=9750"}],"wp:term":[{"taxonomy":"category","embeddable":true,"href":"https:\/\/agora.xtec.cat\/ies-antoni-pous\/wp-json\/wp\/v2\/categories?post=9750"},{"taxonomy":"post_tag","embeddable":true,"href":"https:\/\/agora.xtec.cat\/ies-antoni-pous\/wp-json\/wp\/v2\/tags?post=9750"}],"curies":[{"name":"wp","href":"https:\/\/api.w.org\/{rel}","templated":true}]}}