{"id":16129,"date":"2025-11-28T06:18:11","date_gmt":"2025-11-28T05:18:11","guid":{"rendered":"https:\/\/agora.xtec.cat\/ies-antoni-pous\/?p=16129"},"modified":"2025-11-28T06:18:11","modified_gmt":"2025-11-28T05:18:11","slug":"convocatoria-de-beques-de-mobilitat-internacional-erasmus-plus-a-cicles-formatius-per-a-professorat-3","status":"publish","type":"post","link":"https:\/\/agora.xtec.cat\/ies-antoni-pous\/general\/convocatoria-de-beques-de-mobilitat-internacional-erasmus-plus-a-cicles-formatius-per-a-professorat-3\/","title":{"rendered":"Convocat\u00f2ria de beques de Mobilitat Internacional Erasmus Plus a Cicles Formatius per a PROFESSORAT"},"content":{"rendered":"<p><span style=\"font-weight: 400;\">El nostre centre est\u00e0 interessat en promocionar la mobilitat internacional del nostre personal i per a fer-la possible cerca projectes interessants per la internacionalitzaci\u00f3 i millora de la qualitat de les pr\u00e0ctiques educatives. S\u2019ofereix la possibilitat de realitzar estades en empreses o centres educatius afins als interessos corresponents.\u00a0<\/span><\/p>\n<p><span style=\"font-weight: 400;\">Aquest curs 25-26, l\u2019oferta \u00e9s de 2 places amb beca ERASMUS+ per a professorat\u00a0 de <\/span><b>CFGS<\/b><span style=\"font-weight: 400;\"> i 2 places per a professorat de <\/span><b>CFGM<\/b><span style=\"font-weight: 400;\"> que vulgui fer una estada en format de job shadowing visitant una\u00a0 instituci\u00f3 educativa que imparteixi estudis semblants o\u00a0 empreses del sector.\u00a0<\/span><\/p>\n<p><span style=\"font-weight: 400;\">S\u2019ha informat al personal sobre la convocat\u00f2ria dels diferents projectes mitjan\u00e7ant el correu electr\u00f2nic, informaci\u00f3 a la p\u00e0gina web de l\u2019institut i en reunions de departaments i\/o d\u2019equips docents. La descripci\u00f3 de les caracter\u00edstiques, el proc\u00e9s i els requisits per a la realitzaci\u00f3 de les mobilitats quedaran recollides en les bases de cada convocat\u00f2ria.<\/span><\/p>\n<p><span style=\"font-weight: 400;\">Per tal que el professorat es pugui presentar a la convocat\u00f2ria es requereix que:<\/span><\/p>\n<p><span style=\"font-weight: 400;\">El professor\/a presenti certes garanties d\u2019estabilitat en el centre (funcionariat o interinitat)<\/span><\/p>\n<ul>\n<li style=\"font-weight: 400;\" aria-level=\"1\"><span style=\"font-weight: 400;\">El professor\/a haur\u00e0 de respondre la <\/span><a href=\"https:\/\/docs.google.com\/forms\/d\/e\/1FAIpQLSf5vdAzQIMDs9VmS7RXvw6Gsrf1fboNBJsCHFXXgAOqmz2r1A\/viewform?usp=header\"><span style=\"font-weight: 400;\">sol\u00b7licitud per participar en la convocat\u00f2ria corresponent.<\/span><\/a><\/li>\n<li style=\"font-weight: 400;\" aria-level=\"1\"><span style=\"font-weight: 400;\">Es valorar\u00e0:<\/span>\n<ul>\n<li style=\"font-weight: 400;\" aria-level=\"2\"><span style=\"font-weight: 400;\">El <\/span><a href=\"https:\/\/portaldogc.gencat.cat\/utilsEADOP\/PDF\/8429\/1856439.pdf\"><span style=\"font-weight: 400;\">nivell ling\u00fc\u00edstic<\/span><\/a><span style=\"font-weight: 400;\"> en relaci\u00f3 a l\u2019idioma requerit per la convocat\u00f2ria en q\u00fcesti\u00f3: llengua del pa\u00eds o en darrer cas, de l\u2019angl\u00e8s\u00a0 (m\u00e0xim 5 punts).<\/span>\n<ul>\n<li style=\"font-weight: 400;\" aria-level=\"3\"><span style=\"font-weight: 400;\">B1 = 2 punts; B2 = 3 punts; C1 = 4 punts; C2 = 5 punts<\/span><\/li>\n<\/ul>\n<\/li>\n<li style=\"font-weight: 400;\" aria-level=\"2\"><span style=\"font-weight: 400;\">El nombre d\u2019hores en qu\u00e8 el professor\/a candidat\/a imparteixi classes en el cicle directament relacionat amb la convocat\u00f2ria (m\u00e0xim 2 punts).<\/span>\n<ul>\n<li style=\"font-weight: 400;\" aria-level=\"3\"><span style=\"font-weight: 400;\">&gt; 50% hores de la seva dedicaci\u00f3 lectiva = 1 punt; &gt; 75% hores de la seva dedicaci\u00f3 lectiva = 2 punts.<\/span><\/li>\n<\/ul>\n<\/li>\n<li style=\"font-weight: 400;\" aria-level=\"2\"><span style=\"font-weight: 400;\">Experi\u00e8ncia professional: <\/span><a href=\"http:\/\/europass.cedefop.europa.eu\/\"><span style=\"font-weight: 400;\">curr\u00edculum EUROPASS<\/span><\/a><span style=\"font-weight: 400;\">. (m\u00e0xim 1 punt)<\/span><\/li>\n<li style=\"font-weight: 400;\" aria-level=\"2\"><span style=\"font-weight: 400;\">Disposar de certificat que reconegui necessitats especials de suport: s\u2019afegeix 0,5 punts a la puntuaci\u00f3 total.<\/span><\/li>\n<li style=\"font-weight: 400;\" aria-level=\"2\"><span style=\"font-weight: 400;\">Una carta de motivaci\u00f3 presentada pel professor\/a (m\u00e0xim 2 punts): descripci\u00f3 sobre qu\u00e8 s\u2019espera aconseguir mitjan\u00e7ant la seva participaci\u00f3 en el projecte de mobilitat en q\u00fcesti\u00f3; descripci\u00f3 sobre com es pensen incorporar els aprenentatges adquirits durant la mobilitat en l\u2019activitat docent del nostre centre.<\/span><\/li>\n<\/ul>\n<\/li>\n<\/ul>\n<p><span style=\"font-weight: 400;\">Les candidatures seran valorades pel coordinador\/a de mobilitat internacional FP, el coordinador\/a de FP i el\/la cap d\u2019estudis en funci\u00f3 dels barems abans exposats. Per tal de poder ser un candidat a fer mobilitat cal haver tret una puntuaci\u00f3 m\u00ednima en els seg\u00fcents apartats:<\/span><\/p>\n<ul>\n<li style=\"font-weight: 400;\" aria-level=\"1\"><span style=\"font-weight: 400;\">Nivell ling\u00fc\u00edstic: m\u00ednim 2 punts<\/span><\/li>\n<li style=\"font-weight: 400;\" aria-level=\"1\"><span style=\"font-weight: 400;\">Nombre d\u2019hores en el cicle relacionat amb el projecte: m\u00ednim 1 punt<\/span><\/li>\n<li style=\"font-weight: 400;\" aria-level=\"1\"><span style=\"font-weight: 400;\">Experi\u00e8ncia professional: no hi ha puntuaci\u00f3 m\u00ednima.<\/span><\/li>\n<li style=\"font-weight: 400;\" aria-level=\"1\"><span style=\"font-weight: 400;\">Carta motivaci\u00f3: m\u00ednim 1 punt<\/span><\/li>\n<\/ul>\n<p><span style=\"font-weight: 400;\">Les places s\u2019assignaran per ordre de puntuaci\u00f3, depenent de la disponibilitat. Es publicaran els codis dels candidats\/es a la p\u00e0gina web. Es podran presentar reclamacions a la resoluci\u00f3 els 3 dies seg\u00fcents a la seva publicaci\u00f3 a trav\u00e9s de la seg\u00fcent <\/span><a href=\"https:\/\/drive.google.com\/file\/d\/17NLOGLwExQcagfGqHATNNSuWOoNG6UC6\/view?usp=sharing\"><span style=\"font-weight: 400;\">inst\u00e0ncia<\/span><\/a><span style=\"font-weight: 400;\">. Un cop s\u2019hagi descarregat, omplert i signat cal fer arribar al coordinador\/a de mobilitat internacional FP en persona o escanejant el document omplert i signat i enviant-lo a fp.mobilitat@insantonipous.cat. Finalment, es publicar\u00e0 la llista definitiva dels candidats\/es a la p\u00e0gina web, indicant la puntuaci\u00f3 baremada. Als candidat\/es seleccionat\/des se\u2019ls enviar\u00e0 a m\u00e9s a m\u00e9s un correu electr\u00f2nic.<\/span><\/p>\n<p><span style=\"font-weight: 400;\">Un cop el professorat hagi estat seleccionat, se li lliurar\u00e0 el document de <\/span><a href=\"https:\/\/drive.google.com\/file\/d\/0B8MiQ9_tmCCMMWRpalNYMXBoNUk\/view?usp=sharing\"><span style=\"font-weight: 400;\">comprom\u00eds de participaci\u00f3<\/span><\/a><span style=\"font-weight: 400;\">. L\u2019haur\u00e0 d\u2019omplir, signar i entregar al coordinador de mobilitat internacional FP en persona o escanejant el document (omplert i signat i enviant-lo a fp.mobilitat@insantonipous.cat).<\/span><\/p>\n<p><span style=\"font-weight: 400;\">El professorat comptar\u00e0 amb suports per part del centre per la seva preparaci\u00f3 cultural i ling\u00fc\u00edstica<\/span><\/p>\n<p><span style=\"font-weight: 400;\">El termini per enviar la sol\u00b7licitud finalitza el <\/span><b>5 de desembre a les 12 de la nit.<\/b><span style=\"font-weight: 400;\"> Per qualsevol dubte, us podeu posar en contacte amb la coordinaci\u00f3 de mobilitat internacional FP: Merc\u00e8 Reina (fp.mobilitat@insantonipous.cat).<\/span><\/p>\n","protected":false},"excerpt":{"rendered":"<p>El nostre centre est\u00e0 interessat en promocionar la mobilitat internacional del nostre personal i per a fer-la possible cerca projectes [&hellip;]<\/p>\n","protected":false},"author":16,"featured_media":12873,"comment_status":"closed","ping_status":"open","sticky":false,"template":"","format":"standard","meta":{"_bbp_topic_count":0,"_bbp_reply_count":0,"_bbp_total_topic_count":0,"_bbp_total_reply_count":0,"_bbp_voice_count":0,"_bbp_anonymous_reply_count":0,"_bbp_topic_count_hidden":0,"_bbp_reply_count_hidden":0,"_bbp_forum_subforum_count":0,"site-sidebar-layout":"default","site-content-layout":"","ast-site-content-layout":"default","site-content-style":"default","site-sidebar-style":"default","ast-global-header-display":"","ast-banner-title-visibility":"","ast-main-header-display":"","ast-hfb-above-header-display":"","ast-hfb-below-header-display":"","ast-hfb-mobile-header-display":"","site-post-title":"","ast-breadcrumbs-content":"","ast-featured-img":"","footer-sml-layout":"","theme-transparent-header-meta":"default","adv-header-id-meta":"","stick-header-meta":"","header-above-stick-meta":"","header-main-stick-meta":"","header-below-stick-meta":"","astra-migrate-meta-layouts":"set","ast-page-background-enabled":"default","ast-page-background-meta":{"desktop":{"background-color":"var(--ast-global-color-4)","background-image":"","background-repeat":"repeat","background-position":"center center","background-size":"auto","background-attachment":"scroll","background-type":"","background-media":"","overlay-type":"","overlay-color":"","overlay-opacity":"","overlay-gradient":""},"tablet":{"background-color":"","background-image":"","background-repeat":"repeat","background-position":"center center","background-size":"auto","background-attachment":"scroll","background-type":"","background-media":"","overlay-type":"","overlay-color":"","overlay-opacity":"","overlay-gradient":""},"mobile":{"background-color":"","background-image":"","background-repeat":"repeat","background-position":"center center","background-size":"auto","background-attachment":"scroll","background-type":"","background-media":"","overlay-type":"","overlay-color":"","overlay-opacity":"","overlay-gradient":""}},"ast-content-background-meta":{"desktop":{"background-color":"var(--ast-global-color-5)","background-image":"","background-repeat":"repeat","background-position":"center center","background-size":"auto","background-attachment":"scroll","background-type":"","background-media":"","overlay-type":"","overlay-color":"","overlay-opacity":"","overlay-gradient":""},"tablet":{"background-color":"var(--ast-global-color-5)","background-image":"","background-repeat":"repeat","background-position":"center center","background-size":"auto","background-attachment":"scroll","background-type":"","background-media":"","overlay-type":"","overlay-color":"","overlay-opacity":"","overlay-gradient":""},"mobile":{"background-color":"var(--ast-global-color-5)","background-image":"","background-repeat":"repeat","background-position":"center center","background-size":"auto","background-attachment":"scroll","background-type":"","background-media":"","overlay-type":"","overlay-color":"","overlay-opacity":"","overlay-gradient":""}},"footnotes":""},"categories":[83,1,113,111,104,29,109],"tags":[],"class_list":["post-16129","post","type-post","status-publish","format-standard","has-post-thumbnail","hentry","category-erasmus","category-general","category-international-mobility","category-mobilitat","category-mobilitat-internacional-fp","category-portada","category-alumnat"],"post_mailing_queue_ids":[],"_links":{"self":[{"href":"https:\/\/agora.xtec.cat\/ies-antoni-pous\/wp-json\/wp\/v2\/posts\/16129","targetHints":{"allow":["GET"]}}],"collection":[{"href":"https:\/\/agora.xtec.cat\/ies-antoni-pous\/wp-json\/wp\/v2\/posts"}],"about":[{"href":"https:\/\/agora.xtec.cat\/ies-antoni-pous\/wp-json\/wp\/v2\/types\/post"}],"author":[{"embeddable":true,"href":"https:\/\/agora.xtec.cat\/ies-antoni-pous\/wp-json\/wp\/v2\/users\/16"}],"replies":[{"embeddable":true,"href":"https:\/\/agora.xtec.cat\/ies-antoni-pous\/wp-json\/wp\/v2\/comments?post=16129"}],"version-history":[{"count":2,"href":"https:\/\/agora.xtec.cat\/ies-antoni-pous\/wp-json\/wp\/v2\/posts\/16129\/revisions"}],"predecessor-version":[{"id":16134,"href":"https:\/\/agora.xtec.cat\/ies-antoni-pous\/wp-json\/wp\/v2\/posts\/16129\/revisions\/16134"}],"wp:featuredmedia":[{"embeddable":true,"href":"https:\/\/agora.xtec.cat\/ies-antoni-pous\/wp-json\/wp\/v2\/media\/12873"}],"wp:attachment":[{"href":"https:\/\/agora.xtec.cat\/ies-antoni-pous\/wp-json\/wp\/v2\/media?parent=16129"}],"wp:term":[{"taxonomy":"category","embeddable":true,"href":"https:\/\/agora.xtec.cat\/ies-antoni-pous\/wp-json\/wp\/v2\/categories?post=16129"},{"taxonomy":"post_tag","embeddable":true,"href":"https:\/\/agora.xtec.cat\/ies-antoni-pous\/wp-json\/wp\/v2\/tags?post=16129"}],"curies":[{"name":"wp","href":"https:\/\/api.w.org\/{rel}","templated":true}]}}