{"id":15532,"date":"2024-12-06T06:17:29","date_gmt":"2024-12-06T05:17:29","guid":{"rendered":"https:\/\/agora.xtec.cat\/ies-antoni-pous\/?p=15532"},"modified":"2024-12-06T06:26:28","modified_gmt":"2024-12-06T05:26:28","slug":"resultats-provisionals-seleccio-professorat-mobilitat-internacional-fp-6","status":"publish","type":"post","link":"https:\/\/agora.xtec.cat\/ies-antoni-pous\/general\/resultats-provisionals-seleccio-professorat-mobilitat-internacional-fp-6\/","title":{"rendered":"Resultats PROVISIONALS \u2013 selecci\u00f3 professorat \u2013 mobilitat internacional FP"},"content":{"rendered":"<p><span style=\"font-weight: 400;\">Benvolgudes i benvolguts,<\/span><\/p>\n<p><span style=\"font-weight: 400;\">Us anunciem els resultats PROVISIONALS del proc\u00e9s de selecci\u00f3 de candidatures PROFESSORAT FP pels projectes ERASMUS+ 24-25.<\/span><\/p>\n<p><b>Persones seleccionades (amb beca)<\/b><\/p>\n<table>\n<tbody>\n<tr>\n<td colspan=\"2\"><span style=\"font-weight: 400;\">CFGM\u00a0<\/span><\/td>\n<td colspan=\"2\"><span style=\"font-weight: 400;\">CFGS\u00a0<\/span><\/td>\n<\/tr>\n<tr>\n<td><span style=\"font-weight: 400;\">CODI<\/span><\/td>\n<td><span style=\"font-weight: 400;\">Puntuaci\u00f3<\/span><\/td>\n<td><span style=\"font-weight: 400;\">CODI<\/span><\/td>\n<td><span style=\"font-weight: 400;\">Puntuaci\u00f3<\/span><\/td>\n<\/tr>\n<tr>\n<td><span style=\"font-weight: 400;\">MM21<\/span><\/td>\n<td><span style=\"font-weight: 400;\">9<\/span><\/td>\n<td><span style=\"font-weight: 400;\">RC1230<\/span><\/td>\n<td><span style=\"font-weight: 400;\">9<\/span><\/td>\n<\/tr>\n<tr>\n<td><span style=\"font-weight: 400;\">MNT0022<\/span><\/td>\n<td><span style=\"font-weight: 400;\">8,5<\/span><\/td>\n<td><span style=\"font-weight: 400;\">boira7<\/span><\/td>\n<td><span style=\"font-weight: 400;\">8,5<\/span><\/td>\n<\/tr>\n<tr>\n<td><\/td>\n<td><\/td>\n<td><span style=\"font-weight: 400;\">Profe 2727<\/span><\/td>\n<td><span style=\"font-weight: 400;\">8<\/span><\/td>\n<\/tr>\n<tr>\n<td><\/td>\n<td><\/td>\n<td><span style=\"font-weight: 400;\">Profe1<\/span><\/td>\n<td><span style=\"font-weight: 400;\">5,75<\/span><\/td>\n<\/tr>\n<\/tbody>\n<\/table>\n<p><b>Persones en llista d\u2019espera<\/b><\/p>\n<table>\n<tbody>\n<tr>\n<td colspan=\"2\"><span style=\"font-weight: 400;\">CFGM\u00a0<\/span><\/td>\n<td colspan=\"2\"><span style=\"font-weight: 400;\">CFGS\u00a0<\/span><\/td>\n<\/tr>\n<tr>\n<td><span style=\"font-weight: 400;\">CODI<\/span><\/td>\n<td><span style=\"font-weight: 400;\">Puntuaci\u00f3<\/span><\/td>\n<td><span style=\"font-weight: 400;\">CODI<\/span><\/td>\n<td><span style=\"font-weight: 400;\">Puntuaci\u00f3<\/span><\/td>\n<\/tr>\n<tr>\n<td><span style=\"font-weight: 400;\">GallinaOliPetra<\/span><\/td>\n<td><span style=\"font-weight: 400;\">7,5<\/span><\/td>\n<td><span style=\"font-weight: 400;\">BIEDRONKA 23<\/span><\/td>\n<td><span style=\"font-weight: 400;\">5,5<\/span><\/td>\n<\/tr>\n<tr>\n<td><span style=\"font-weight: 400;\">RPC999<\/span><\/td>\n<td><span style=\"font-weight: 400;\">7<\/span><\/td>\n<td><\/td>\n<td><\/td>\n<\/tr>\n<tr>\n<td><span style=\"font-weight: 400;\">Profe94<\/span><\/td>\n<td><span style=\"font-weight: 400;\">6,5<\/span><\/td>\n<td><\/td>\n<td><\/td>\n<\/tr>\n<tr>\n<td><span style=\"font-weight: 400;\">Oleguer<\/span><\/td>\n<td><span style=\"font-weight: 400;\">6,5<\/span><\/td>\n<td><\/td>\n<td><\/td>\n<\/tr>\n<\/tbody>\n<\/table>\n<p><span style=\"font-weight: 400;\">Aquesta llista \u00e9s provisional. Es poden presentar <\/span><b>reclamacions<\/b><span style=\"font-weight: 400;\"> a la resoluci\u00f3 els 3 dies seg\u00fcents a la seva publicaci\u00f3 a trav\u00e9s de la seg\u00fcent <\/span><a href=\"https:\/\/docs.google.com\/document\/d\/17NLOGLwExQcagfGqHATNNSuWOoNG6UC6\/edit?usp=sharing&amp;ouid=106496043738408592099&amp;rtpof=true&amp;sd=true\/view?usp=sharing\"><span style=\"font-weight: 400;\">inst\u00e0ncia<\/span><\/a><\/p>\n<p><span style=\"font-weight: 400;\">Un cop aquesta inst\u00e0ncia s\u2019hagi descarregat, omplert i signat cal fer arribar a la coordinaci\u00f3 de mobilitat internacional FP en persona o escanejant el document omplert i signat i enviant-lo a fp.mobilitat@insantonipous.cat.<\/span><\/p>\n<p><span style=\"font-weight: 400;\">Finalment, es publicar\u00e0 la llista definitiva de les candidatures a la p\u00e0gina web, indicant la puntuaci\u00f3 revisada, si \u00e9s el cas.<\/span><\/p>\n<p><b>Comissi\u00f3 mobilitat internacional FP<\/b><\/p>\n<p><span style=\"font-weight: 400;\">Institut Antoni Pous i Argila (Manlleu)<\/span><\/p>\n<p>&nbsp;<\/p>\n","protected":false},"excerpt":{"rendered":"<p>Us anunciem els resultats PROVISIONALS del proc\u00e9s de selecci\u00f3 de candidatures PROFESSORAT FP pels projectes ERASMUS+ 24-25.<\/p>\n","protected":false},"author":16,"featured_media":12873,"comment_status":"closed","ping_status":"closed","sticky":false,"template":"","format":"standard","meta":{"_bbp_topic_count":0,"_bbp_reply_count":0,"_bbp_total_topic_count":0,"_bbp_total_reply_count":0,"_bbp_voice_count":0,"_bbp_anonymous_reply_count":0,"_bbp_topic_count_hidden":0,"_bbp_reply_count_hidden":0,"_bbp_forum_subforum_count":0,"site-sidebar-layout":"default","site-content-layout":"","ast-site-content-layout":"","site-content-style":"default","site-sidebar-style":"default","ast-global-header-display":"","ast-banner-title-visibility":"","ast-main-header-display":"","ast-hfb-above-header-display":"","ast-hfb-below-header-display":"","ast-hfb-mobile-header-display":"","site-post-title":"","ast-breadcrumbs-content":"","ast-featured-img":"","footer-sml-layout":"","theme-transparent-header-meta":"","adv-header-id-meta":"","stick-header-meta":"","header-above-stick-meta":"","header-main-stick-meta":"","header-below-stick-meta":"","astra-migrate-meta-layouts":"default","ast-page-background-enabled":"default","ast-page-background-meta":{"desktop":{"background-color":"var(--ast-global-color-4)","background-image":"","background-repeat":"repeat","background-position":"center center","background-size":"auto","background-attachment":"scroll","background-type":"","background-media":"","overlay-type":"","overlay-color":"","overlay-opacity":"","overlay-gradient":""},"tablet":{"background-color":"","background-image":"","background-repeat":"repeat","background-position":"center center","background-size":"auto","background-attachment":"scroll","background-type":"","background-media":"","overlay-type":"","overlay-color":"","overlay-opacity":"","overlay-gradient":""},"mobile":{"background-color":"","background-image":"","background-repeat":"repeat","background-position":"center center","background-size":"auto","background-attachment":"scroll","background-type":"","background-media":"","overlay-type":"","overlay-color":"","overlay-opacity":"","overlay-gradient":""}},"ast-content-background-meta":{"desktop":{"background-color":"var(--ast-global-color-5)","background-image":"","background-repeat":"repeat","background-position":"center center","background-size":"auto","background-attachment":"scroll","background-type":"","background-media":"","overlay-type":"","overlay-color":"","overlay-opacity":"","overlay-gradient":""},"tablet":{"background-color":"var(--ast-global-color-5)","background-image":"","background-repeat":"repeat","background-position":"center center","background-size":"auto","background-attachment":"scroll","background-type":"","background-media":"","overlay-type":"","overlay-color":"","overlay-opacity":"","overlay-gradient":""},"mobile":{"background-color":"var(--ast-global-color-5)","background-image":"","background-repeat":"repeat","background-position":"center center","background-size":"auto","background-attachment":"scroll","background-type":"","background-media":"","overlay-type":"","overlay-color":"","overlay-opacity":"","overlay-gradient":""}},"footnotes":""},"categories":[30,83,1,113,111,104,29,110],"tags":[],"class_list":["post-15532","post","type-post","status-publish","format-standard","has-post-thumbnail","hentry","category-cicles-formatius","category-erasmus","category-general","category-international-mobility","category-mobilitat","category-mobilitat-internacional-fp","category-portada","category-professorat"],"post_mailing_queue_ids":[],"_links":{"self":[{"href":"https:\/\/agora.xtec.cat\/ies-antoni-pous\/wp-json\/wp\/v2\/posts\/15532","targetHints":{"allow":["GET"]}}],"collection":[{"href":"https:\/\/agora.xtec.cat\/ies-antoni-pous\/wp-json\/wp\/v2\/posts"}],"about":[{"href":"https:\/\/agora.xtec.cat\/ies-antoni-pous\/wp-json\/wp\/v2\/types\/post"}],"author":[{"embeddable":true,"href":"https:\/\/agora.xtec.cat\/ies-antoni-pous\/wp-json\/wp\/v2\/users\/16"}],"replies":[{"embeddable":true,"href":"https:\/\/agora.xtec.cat\/ies-antoni-pous\/wp-json\/wp\/v2\/comments?post=15532"}],"version-history":[{"count":2,"href":"https:\/\/agora.xtec.cat\/ies-antoni-pous\/wp-json\/wp\/v2\/posts\/15532\/revisions"}],"predecessor-version":[{"id":15535,"href":"https:\/\/agora.xtec.cat\/ies-antoni-pous\/wp-json\/wp\/v2\/posts\/15532\/revisions\/15535"}],"wp:featuredmedia":[{"embeddable":true,"href":"https:\/\/agora.xtec.cat\/ies-antoni-pous\/wp-json\/wp\/v2\/media\/12873"}],"wp:attachment":[{"href":"https:\/\/agora.xtec.cat\/ies-antoni-pous\/wp-json\/wp\/v2\/media?parent=15532"}],"wp:term":[{"taxonomy":"category","embeddable":true,"href":"https:\/\/agora.xtec.cat\/ies-antoni-pous\/wp-json\/wp\/v2\/categories?post=15532"},{"taxonomy":"post_tag","embeddable":true,"href":"https:\/\/agora.xtec.cat\/ies-antoni-pous\/wp-json\/wp\/v2\/tags?post=15532"}],"curies":[{"name":"wp","href":"https:\/\/api.w.org\/{rel}","templated":true}]}}