{"id":13545,"date":"2022-09-23T07:24:17","date_gmt":"2022-09-23T05:24:17","guid":{"rendered":"https:\/\/agora.xtec.cat\/ies-antoni-pous\/?p=13545"},"modified":"2022-09-30T11:46:13","modified_gmt":"2022-09-30T09:46:13","slug":"ii-premis-impuls-fp-dual-ins-antoni-pous-i-argila","status":"publish","type":"post","link":"https:\/\/agora.xtec.cat\/ies-antoni-pous\/general\/ii-premis-impuls-fp-dual-ins-antoni-pous-i-argila\/","title":{"rendered":"II Premis Impuls FP Dual &#8211; INS Antoni Pous i Argila"},"content":{"rendered":"<p><span style=\"font-weight: 400;\">L\u2019INS Antoni Pous i Argila de Manlleu \u00e9s un centre educatiu amb llarga experi\u00e8ncia com a centre de formaci\u00f3 professional. A m\u00e9s, \u00e9s coneixedor de la import\u00e0ncia de la seva difusi\u00f3 i promoci\u00f3, desenvolupant i organitzant diferents accions al respecte (jornades amb empreses, jornades portes obertes, p\u00e0gina web i xarxes socials\u2026).\u00a0<\/span><\/p>\n<p>&nbsp;<\/p>\n<p><span style=\"font-weight: 400;\">Aquests curs 22\/23 el centre vol continuar dedicant esfor\u00e7os en la <a href=\"https:\/\/agora.xtec.cat\/fpdual\/\"><strong>formaci\u00f3 professional dual<\/strong><\/a>, oferint la segona convocat\u00f2ria dels Premis Impuls FP Dual &#8211; INS Antoni Pous i Argila a alumnat i projectes dins les empreses i entitats que acullen i acompanyen el nostre alumnat que cursa la FP en alternan\u00e7a dual.<\/span><\/p>\n<p>&nbsp;<\/p>\n<p><span style=\"font-weight: 400;\">La finalitat d\u2019aquests premis \u00e9s posar en valor la bona feina realitzada per part d\u2019alumnat i entitats respecte el desenvolupament i millora de la formaci\u00f3 professional dual, a m\u00e9s de difondre els beneficis de la implementaci\u00f3 de la FP Dual en centres educatius en estreta col\u00b7laboraci\u00f3 amb empreses i entitats de l&#8217;entorn. Podem concretar com a objectius generals d\u2019aquests premis:<\/span><\/p>\n<ul>\n<li style=\"font-weight: 400;\" aria-level=\"1\"><span style=\"font-weight: 400;\">Fomentar i motivar la creaci\u00f3 de projectes innovadors, sostenibles i creatius dins el marc dels estudis de formaci\u00f3 professional dual<\/span><\/li>\n<li style=\"font-weight: 400;\" aria-level=\"1\"><span style=\"font-weight: 400;\">Donar visibilitat i prestigi a la formaci\u00f3 professional dual.<\/span><\/li>\n<li style=\"font-weight: 400;\" aria-level=\"1\"><span style=\"font-weight: 400;\">Promoure l\u2019esperit emprenedor de l&#8217;alumnat.<\/span><\/li>\n<li style=\"font-weight: 400;\" aria-level=\"1\"><span style=\"font-weight: 400;\">Estimular la col\u00b7laboraci\u00f3 entre entitats i empreses, alumnat i projectes per crear projectes cooperatius en contextos reals.<\/span><\/li>\n<li style=\"font-weight: 400;\" aria-level=\"1\"><span style=\"font-weight: 400;\">Detectar la qualitat i l\u2019excel\u00b7l\u00e8ncia dels projectes realitzats per alumnat d\u2019FP Dual del nostre centre en empreses i entitats de l&#8217;entorn.\u00a0<\/span><\/li>\n<\/ul>\n<p>&nbsp;<\/p>\n<p><em><b>Calendari de la convocat\u00f2ria (terminis)<\/b><\/em><\/p>\n<ul>\n<li style=\"font-weight: 400;\" aria-level=\"1\"><b>Entrega de l\u2019avantprojecte<\/b><span style=\"font-weight: 400;\">: del <\/span><b>30 de setembre al 11 de novembre.\u00a0<\/b>\n<ul>\n<li style=\"font-weight: 400;\" aria-level=\"2\"><b>Documentaci\u00f3 a entregar:<\/b><span style=\"font-weight: 400;\">\u00a0<\/span>\n<ul>\n<li style=\"font-weight: 400;\" aria-level=\"3\"><span style=\"font-weight: 400;\">Cal visitar el Google Sites <a href=\"https:\/\/sites.google.com\/insantonipous.cat\/projecte-fp-dual\/avantprojecte?authuser=0\">\u201cPROJECTE FP Dual &#8211; Avantprojecte\u201d (ENLLA\u00c7)&#8221;<\/a>. Es descarrega el word amb els apartats a omplir.<\/span><\/li>\n<li style=\"font-weight: 400;\" aria-level=\"3\"><span style=\"font-weight: 400;\">S\u2019omple l\u2019avantprojecte, seguint les indicacions del document descarregat i s\u2019envia en format <strong>PDF<\/strong> al tutor\/a de FP Dual de l&#8217;instutut.\u00a0<\/span><\/li>\n<li><span style=\"font-weight: 400;\">Totes les persones integrants dels projectes presentats (<strong>alumnat i membres de l&#8217;empresa o entitat<\/strong>) hauran d\u2019haver signat l\u2019annex relatiu a l\u2019autoritzaci\u00f3 de cessi\u00f3 d\u2019imatges <\/span><a href=\"https:\/\/drive.google.com\/file\/d\/1yl5U1DSGhzXX4pRE2E5WTS8ETle4006N\/view?usp=sharing\"><b>(ENLLA\u00c7 DOCUMENT) <\/b><\/a><span style=\"font-weight: 400;\">i enviar-lo en format PDF juntament amb l\u2019avantprojecte en el termini que s\u2019especifica en l\u2019apartat de terminis de presentaci\u00f3.\u00a0<\/span><\/li>\n<\/ul>\n<\/li>\n<\/ul>\n<\/li>\n<\/ul>\n<ul>\n<li style=\"font-weight: 400;\" aria-level=\"1\"><b>Jornada I Premis Impuls FP Dual INS Antoni Pous i Argila<\/b><span style=\"font-weight: 400;\">: <\/span>\n<ul>\n<li style=\"font-weight: 400;\" aria-level=\"1\"><b>Divendres 25 de novembre 16h. <\/b><\/li>\n<li style=\"font-weight: 400;\" aria-level=\"1\"><b>Lloc: <\/b><strong>Casa de Cultura &#8211; Can Puget<\/strong> (Manlleu). Pla\u00e7a de Dalt de la Vila, 3, 08560 Manlleu, Barcelona<\/li>\n<\/ul>\n<\/li>\n<\/ul>\n<p>&nbsp;<\/p>\n<p><strong><em>Condicions generals per la presentaci\u00f3 de projectes<\/em><\/strong><\/p>\n<ul>\n<li style=\"font-weight: 400;\" aria-level=\"1\"><span style=\"font-weight: 400;\">Els projectes han de ser individuals.<\/span><\/li>\n<li style=\"font-weight: 400;\" aria-level=\"1\"><span style=\"font-weight: 400;\">Les persones destinat\u00e0ries d\u2019aquesta convocat\u00f2ria \u00e9s alumnat que estigui cursant i estigui matriculat a la formaci\u00f3 professional en alternan\u00e7a dual dins els terminis de la convocat\u00f2ria abans esmentada a l\u2019INS Antoni Pous i Argila de Manlleu.\u00a0<\/span><\/li>\n<li style=\"font-weight: 400;\" aria-level=\"1\"><span style=\"font-weight: 400;\">Els projectes hauran de ser tutoritzats des dels centres educatius corresponents.<\/span><\/li>\n<li style=\"font-weight: 400;\" aria-level=\"1\"><span style=\"font-weight: 400;\">Nom\u00e9s es pot presentar un projecte per convocat\u00f2ria.<\/span><\/li>\n<li style=\"font-weight: 400;\" aria-level=\"1\"><span style=\"font-weight: 400;\">Nom\u00e9s es pot optar a la categoria relacionada amb els estudis que s&#8217;estigui cursant.<\/span><\/li>\n<li><span style=\"font-weight: 400;\">El jurat dels premis estar\u00e0 configurat per tres persones relacionades amb el centre educatiu, l&#8217;entorn local i les empreses i entitats de l&#8217;entorn.<\/span><\/li>\n<li style=\"font-weight: 400;\" aria-level=\"1\"><span style=\"font-weight: 400;\">El veredicte del jurat ser\u00e0 inapel\u00b7lable. El jurat tindr\u00e0 la facultat de rebutjar i excloure del concurs els projectes que incompleixin els requisits indispensables i les condicions establertes en aquestes bases.<\/span><\/li>\n<li style=\"font-weight: 400;\" aria-level=\"1\"><span style=\"font-weight: 400;\">El fet de participar presentant la documentaci\u00f3 per tal d\u2019optar a la concessi\u00f3 de tots aquests premis suposa l\u2019acceptaci\u00f3 de les seves bases.<\/span><\/li>\n<li><span style=\"font-weight: 400;\">Tot all\u00f2 no contemplat en aquestes bases ser\u00e0 decidit pel jurat.<\/span><\/li>\n<\/ul>\n<p>&nbsp;<\/p>\n<p><b>Criteris de valoraci\u00f3 dels projectes<\/b><\/p>\n<ul>\n<li style=\"font-weight: 400;\" aria-level=\"1\"><b>Presentaci\u00f3<\/b><span style=\"font-weight: 400;\">: correcci\u00f3 de forma (pres\u00e8ncia de totes les parts imprescindibles, refer\u00e8ncies a fonts d\u2019informaci\u00f3 contrastades&#8230;) i correcci\u00f3 ling\u00fc\u00edstica.\u00a0<\/span><\/li>\n<li style=\"font-weight: 400;\" aria-level=\"1\"><b>Claredat en el plantejament<\/b><span style=\"font-weight: 400;\">: ordenaci\u00f3 de les idees, argumentaci\u00f3, coher\u00e8ncia de la proposta\u00a0<\/span><\/li>\n<li style=\"font-weight: 400;\" aria-level=\"1\"><b>Justificaci\u00f3 del projecte<\/b><span style=\"font-weight: 400;\">: an\u00e0lisi de necessitats o problem\u00e0tica que aborda, estudi de mercat o treball de camp&#8230;\u00a0<\/span><\/li>\n<li style=\"font-weight: 400;\" aria-level=\"1\"><b>Viabilitat general<\/b><span style=\"font-weight: 400;\">: relaci\u00f3 clara i viable de recursos (humans, materials, econ\u00f2mics&#8230;)\u00a0<\/span><\/li>\n<li style=\"font-weight: 400;\" aria-level=\"1\"><b>Creativitat i originalitat:<\/b><span style=\"font-weight: 400;\"> creaci\u00f3 d\u2019un nou servei \/producte inexistent a l\u2019entitat o aplicaci\u00f3 de millores amb valor afegit en productes i\/o serveis ja existents.<\/span><\/li>\n<\/ul>\n<p>&nbsp;<\/p>\n<p><b>Termini de resoluci\u00f3 i notificaci\u00f3<\/b><\/p>\n<ul>\n<li style=\"font-weight: 400;\" aria-level=\"1\"><span style=\"font-weight: 400;\">Es notificar\u00e0 la resoluci\u00f3 dels premiats en el mateix acte, per tant es demana la pres\u00e8ncia de totes i tots les participants.<\/span><\/li>\n<li style=\"font-weight: 400;\" aria-level=\"1\"><span style=\"font-weight: 400;\">A l\u2019acte de lliurament dels premis,<\/span> <span style=\"font-weight: 400;\">estaran convidats tant l\u2019alumnat com les persones tutores dels projectes i altres professionals dels centres formatius finalistes, col\u00b7laborador\/es de l\u2019acte&#8230;<\/span><\/li>\n<li style=\"font-weight: 400;\" aria-level=\"1\"><span style=\"font-weight: 400;\">Acte de lliurament en <strong>format <\/strong><\/span><strong>presencial <\/strong><span style=\"font-weight: 400;\"><strong>a Manlleu.<\/strong>\u00a0<\/span><\/li>\n<li style=\"font-weight: 400;\" aria-level=\"1\"><span style=\"font-weight: 400;\">A m\u00e9s de l&#8217;acte la informaci\u00f3 dels projectes guanyadors es podr\u00e0 consultar a la web de l\u2019INS Antoni Pous i Argila de Manlleu i a les seves xarxes socials.<\/span><\/li>\n<\/ul>\n<p>&nbsp;<\/p>\n<p><em><strong>Valor econ\u00f2mic dels premis<\/strong><\/em><\/p>\n<p><span style=\"font-weight: 400;\">L\u2019import m\u00e0xim destinat a aquesta convocat\u00f2ria ser\u00e0 de <\/span><b>2500\u20ac. Aquesta <\/b><span style=\"font-weight: 400;\">activitat \u00e9s finan\u00e7ada pel Departament d\u2019Educaci\u00f3 i el Ministerio de Educaci\u00f3n y Formaci\u00f3n Profesional.<\/span><b><\/b><\/p>\n<p><a href=\"https:\/\/agora.xtec.cat\/ies-antoni-pous\/wp-content\/uploads\/usu283\/2022\/09\/Logotips-que-hi-ha-apareixer.jpg\"><img loading=\"lazy\" decoding=\"async\" class=\"size-full wp-image-13553 aligncenter\" src=\"https:\/\/agora.xtec.cat\/ies-antoni-pous\/wp-content\/uploads\/usu283\/2022\/09\/Logotips-que-hi-ha-apareixer.jpg\" alt=\"\" width=\"596\" height=\"194\" srcset=\"https:\/\/agora.xtec.cat\/ies-antoni-pous\/wp-content\/uploads\/usu283\/2022\/09\/Logotips-que-hi-ha-apareixer.jpg 596w, https:\/\/agora.xtec.cat\/ies-antoni-pous\/wp-content\/uploads\/usu283\/2022\/09\/Logotips-que-hi-ha-apareixer-300x98.jpg 300w\" sizes=\"auto, (max-width: 596px) 100vw, 596px\" \/><\/a><\/p>\n<p style=\"text-align: center;\">\n<p><span style=\"font-weight: 400;\">L\u2019import es distribuir\u00e0 en les seg\u00fcents modalitats:<\/span><\/p>\n<ul>\n<li style=\"font-weight: 400;\" aria-level=\"1\"><span style=\"font-weight: 400;\">Premis impuls FP Dual &#8211; CFGS <strong>1.000\u20ac<\/strong><\/span><\/li>\n<li style=\"font-weight: 400;\" aria-level=\"1\"><span style=\"font-weight: 400;\">Premis impuls FP Dual &#8211; CFGM <b>1.000\u20ac<\/b><\/span><\/li>\n<li aria-level=\"1\">Possible\/s Acc\u00e8ssit\/s &#8211; <strong>500\u20ac<\/strong><\/li>\n<\/ul>\n<p>&nbsp;<\/p>\n<p><span style=\"font-weight: 400;\">En cas que els projectes presentats no compleixin uns est\u00e0ndards m\u00ednims avaluats per part del tribunal corresponent, el premi pot quedar desert o afegir la quantia assignada a una altra categoria, en cas que sigui necessari. En atenci\u00f3 a la qualitat dels projectes o accions que s\u2019hagin presentat, el jurat pot considerar determinar l\u2019assignaci\u00f3 <strong>d\u2019algun\/s acc\u00e8ssit\/s, <\/strong><\/span><strong>\u00a0per a cada categoria de cada modalitat de premi.<\/strong><\/p>\n<p><span style=\"font-weight: 400;\">La finalitat del premi \u00e9s estimular la creaci\u00f3 de projectes de qualitat potenciant la col\u00b7laboraci\u00f3 entre empreses i entitats amb l&#8217;alumnat i el centre. No es pret\u00e9n finan\u00e7ar els projectes si no donar un suport i est\u00edmul a la seva creaci\u00f3. L\u2019empresa\/entitat on estigui realitzant l\u2019estada l\u2019alumnat guanyador rebr\u00e0 l\u2019import econ\u00f2mic corresponent per satisfer les despeses del projecte seleccionat.\u00a0<\/span><\/p>\n<p>&nbsp;<\/p>\n<p><b>Responsables<\/b><\/p>\n<p><i><span style=\"font-weight: 400;\">Equip docent FP Dual de l\u2019<\/span><\/i><span style=\"font-weight: 400;\">INS Antoni Pous i Argila\u00a0<\/span><\/p>\n<p><span style=\"font-weight: 400;\">Avda. de Roma, 260<\/span><\/p>\n<p><span style=\"font-weight: 400;\">08560 Manlleu<\/span><\/p>\n<p><a href=\"mailto:a8040552@xtec.cat\"><span style=\"font-weight: 400;\">a8040552@xtec.cat<\/span><\/a><\/p>\n<p><span style=\"font-weight: 400;\">Tel\u00e8fon: 938513705<\/span><\/p>\n","protected":false},"excerpt":{"rendered":"<p>II Premis Impuls FP Dual &#8211; INS Antoni Pous i Argila<\/p>\n","protected":false},"author":13,"featured_media":8865,"comment_status":"closed","ping_status":"closed","sticky":false,"template":"","format":"standard","meta":{"_bbp_topic_count":0,"_bbp_reply_count":0,"_bbp_total_topic_count":0,"_bbp_total_reply_count":0,"_bbp_voice_count":0,"_bbp_anonymous_reply_count":0,"_bbp_topic_count_hidden":0,"_bbp_reply_count_hidden":0,"_bbp_forum_subforum_count":0,"site-sidebar-layout":"default","site-content-layout":"","ast-site-content-layout":"","site-content-style":"default","site-sidebar-style":"default","ast-global-header-display":"","ast-banner-title-visibility":"","ast-main-header-display":"","ast-hfb-above-header-display":"","ast-hfb-below-header-display":"","ast-hfb-mobile-header-display":"","site-post-title":"","ast-breadcrumbs-content":"","ast-featured-img":"","footer-sml-layout":"","theme-transparent-header-meta":"","adv-header-id-meta":"","stick-header-meta":"","header-above-stick-meta":"","header-main-stick-meta":"","header-below-stick-meta":"","astra-migrate-meta-layouts":"default","ast-page-background-enabled":"default","ast-page-background-meta":{"desktop":{"background-color":"var(--ast-global-color-4)","background-image":"","background-repeat":"repeat","background-position":"center center","background-size":"auto","background-attachment":"scroll","background-type":"","background-media":"","overlay-type":"","overlay-color":"","overlay-opacity":"","overlay-gradient":""},"tablet":{"background-color":"","background-image":"","background-repeat":"repeat","background-position":"center center","background-size":"auto","background-attachment":"scroll","background-type":"","background-media":"","overlay-type":"","overlay-color":"","overlay-opacity":"","overlay-gradient":""},"mobile":{"background-color":"","background-image":"","background-repeat":"repeat","background-position":"center center","background-size":"auto","background-attachment":"scroll","background-type":"","background-media":"","overlay-type":"","overlay-color":"","overlay-opacity":"","overlay-gradient":""}},"ast-content-background-meta":{"desktop":{"background-color":"var(--ast-global-color-5)","background-image":"","background-repeat":"repeat","background-position":"center center","background-size":"auto","background-attachment":"scroll","background-type":"","background-media":"","overlay-type":"","overlay-color":"","overlay-opacity":"","overlay-gradient":""},"tablet":{"background-color":"var(--ast-global-color-5)","background-image":"","background-repeat":"repeat","background-position":"center center","background-size":"auto","background-attachment":"scroll","background-type":"","background-media":"","overlay-type":"","overlay-color":"","overlay-opacity":"","overlay-gradient":""},"mobile":{"background-color":"var(--ast-global-color-5)","background-image":"","background-repeat":"repeat","background-position":"center center","background-size":"auto","background-attachment":"scroll","background-type":"","background-media":"","overlay-type":"","overlay-color":"","overlay-opacity":"","overlay-gradient":""}},"footnotes":""},"categories":[127,1,29],"tags":[],"class_list":["post-13545","post","type-post","status-publish","format-standard","has-post-thumbnail","hentry","category-fp-dual","category-general","category-portada"],"post_mailing_queue_ids":[],"_links":{"self":[{"href":"https:\/\/agora.xtec.cat\/ies-antoni-pous\/wp-json\/wp\/v2\/posts\/13545","targetHints":{"allow":["GET"]}}],"collection":[{"href":"https:\/\/agora.xtec.cat\/ies-antoni-pous\/wp-json\/wp\/v2\/posts"}],"about":[{"href":"https:\/\/agora.xtec.cat\/ies-antoni-pous\/wp-json\/wp\/v2\/types\/post"}],"author":[{"embeddable":true,"href":"https:\/\/agora.xtec.cat\/ies-antoni-pous\/wp-json\/wp\/v2\/users\/13"}],"replies":[{"embeddable":true,"href":"https:\/\/agora.xtec.cat\/ies-antoni-pous\/wp-json\/wp\/v2\/comments?post=13545"}],"version-history":[{"count":3,"href":"https:\/\/agora.xtec.cat\/ies-antoni-pous\/wp-json\/wp\/v2\/posts\/13545\/revisions"}],"predecessor-version":[{"id":13554,"href":"https:\/\/agora.xtec.cat\/ies-antoni-pous\/wp-json\/wp\/v2\/posts\/13545\/revisions\/13554"}],"wp:featuredmedia":[{"embeddable":true,"href":"https:\/\/agora.xtec.cat\/ies-antoni-pous\/wp-json\/wp\/v2\/media\/8865"}],"wp:attachment":[{"href":"https:\/\/agora.xtec.cat\/ies-antoni-pous\/wp-json\/wp\/v2\/media?parent=13545"}],"wp:term":[{"taxonomy":"category","embeddable":true,"href":"https:\/\/agora.xtec.cat\/ies-antoni-pous\/wp-json\/wp\/v2\/categories?post=13545"},{"taxonomy":"post_tag","embeddable":true,"href":"https:\/\/agora.xtec.cat\/ies-antoni-pous\/wp-json\/wp\/v2\/tags?post=13545"}],"curies":[{"name":"wp","href":"https:\/\/api.w.org\/{rel}","templated":true}]}}