{"id":13301,"date":"2022-07-15T10:00:22","date_gmt":"2022-07-15T08:00:22","guid":{"rendered":"https:\/\/agora.xtec.cat\/ies-antoni-pous\/?p=13301"},"modified":"2022-07-22T09:36:10","modified_gmt":"2022-07-22T07:36:10","slug":"preinscripcio-cicles-formatius-de-grau-superior-del-25-al-31-de-maig","status":"publish","type":"post","link":"https:\/\/agora.xtec.cat\/ies-antoni-pous\/portada\/preinscripcio-cicles-formatius-de-grau-superior-del-25-al-31-de-maig\/","title":{"rendered":"Preinscripci\u00f3 cicles formatius de Grau Superior- Llistes d&#8217;admesos"},"content":{"rendered":"<p>Consulta <a href=\"https:\/\/agora.xtec.cat\/ies-antoni-pous\/wp-content\/uploads\/usu283\/2022\/07\/INFORME_ASSIGNADES_INFORME_ASSIGNADES-GrauSuperior.pdf\">aqu\u00ed <\/a>la llista d&#8217;admesos.<\/p>\n<p>Consulta <a href=\"https:\/\/agora.xtec.cat\/ies-antoni-pous\/wp-content\/uploads\/usu283\/2022\/07\/INFORME_LLISTA_ESPERA_OME_LLISTA_ESPERA-TEI.pdf\">aqu\u00ed<\/a> la llista d&#8217;espera.<\/p>\n<p>M\u00e9s informaci\u00f3\u00a0 a trav\u00e9s de la p\u00e0gina del <a href=\"https:\/\/preinscripcio.gencat.cat\/ca\/estudis\/fp-grau-superior\/preinscriute\/consulta\/\">Departament d\u2019Educaci\u00f3.<\/a><\/p>\n<p><b>Matr\u00edcula del 18 al 22 de juliol<\/b><\/p>\n<p><a href=\"https:\/\/agora.xtec.cat\/ies-antoni-pous\/wp-content\/uploads\/usu283\/2022\/06\/INSTRUCCIONS-PER-MATRICULA-1rCICLES-22-23-1.pdf\">Instruccions per matricular-se als cicles de grau superior<\/a><\/p>\n<p><a href=\"https:\/\/agora.xtec.cat\/ies-antoni-pous\/wp-content\/uploads\/usu283\/2022\/07\/Full_dades_alumne-_Majors_d_edat-2020-ultim-4-2-2.pdf\">Full de dades-major d&#8217;edat per emplenar<\/a><\/p>\n<p><a href=\"https:\/\/agora.xtec.cat\/ies-antoni-pous\/wp-content\/uploads\/usu283\/2022\/06\/Full_dades_alumne_menor_edat-emplenable-6.pdf\">Full de dades-menor d&#8217;edat per emplenar<\/a><\/p>\n<p><a href=\"https:\/\/agora.xtec.cat\/ies-antoni-pous\/wp-content\/uploads\/usu283\/2022\/07\/Full_matricula_CGFS_EAS_2223-Versioficines.pdf\">Full_matricula_CGFS_EAS_2223 (per emplenar i signar)<\/a><\/p>\n<p><a href=\"https:\/\/agora.xtec.cat\/ies-antoni-pous\/wp-content\/uploads\/usu283\/2022\/07\/Full_Matricula_TIS_22-23-1-1.pdf\">Full_Matricula_TIS_22-23 (per emplenar i signar)<\/a><\/p>\n<p><a href=\"https:\/\/agora.xtec.cat\/ies-antoni-pous\/wp-content\/uploads\/usu283\/2022\/07\/FullMatriculaTEI22-23.pdf\">Full Matricula-TEI 22-23 (per emplenar i signar)<\/a><\/p>\n<p>&nbsp;<\/p>\n<p>&nbsp;<\/p>\n","protected":false},"excerpt":{"rendered":"<p>Consulta aqu\u00ed la llista d&#8217;admesos. Consulta aqu\u00ed la llista d&#8217;espera. M\u00e9s informaci\u00f3\u00a0 a trav\u00e9s de la p\u00e0gina del Departament d\u2019Educaci\u00f3. [&hellip;]<\/p>\n","protected":false},"author":4,"featured_media":13302,"comment_status":"closed","ping_status":"closed","sticky":false,"template":"","format":"standard","meta":{"_bbp_topic_count":0,"_bbp_reply_count":0,"_bbp_total_topic_count":0,"_bbp_total_reply_count":0,"_bbp_voice_count":0,"_bbp_anonymous_reply_count":0,"_bbp_topic_count_hidden":0,"_bbp_reply_count_hidden":0,"_bbp_forum_subforum_count":0,"site-sidebar-layout":"default","site-content-layout":"","ast-site-content-layout":"","site-content-style":"default","site-sidebar-style":"default","ast-global-header-display":"","ast-banner-title-visibility":"","ast-main-header-display":"","ast-hfb-above-header-display":"","ast-hfb-below-header-display":"","ast-hfb-mobile-header-display":"","site-post-title":"","ast-breadcrumbs-content":"","ast-featured-img":"","footer-sml-layout":"","theme-transparent-header-meta":"","adv-header-id-meta":"","stick-header-meta":"","header-above-stick-meta":"","header-main-stick-meta":"","header-below-stick-meta":"","astra-migrate-meta-layouts":"default","ast-page-background-enabled":"default","ast-page-background-meta":{"desktop":{"background-color":"var(--ast-global-color-4)","background-image":"","background-repeat":"repeat","background-position":"center center","background-size":"auto","background-attachment":"scroll","background-type":"","background-media":"","overlay-type":"","overlay-color":"","overlay-opacity":"","overlay-gradient":""},"tablet":{"background-color":"","background-image":"","background-repeat":"repeat","background-position":"center center","background-size":"auto","background-attachment":"scroll","background-type":"","background-media":"","overlay-type":"","overlay-color":"","overlay-opacity":"","overlay-gradient":""},"mobile":{"background-color":"","background-image":"","background-repeat":"repeat","background-position":"center center","background-size":"auto","background-attachment":"scroll","background-type":"","background-media":"","overlay-type":"","overlay-color":"","overlay-opacity":"","overlay-gradient":""}},"ast-content-background-meta":{"desktop":{"background-color":"var(--ast-global-color-5)","background-image":"","background-repeat":"repeat","background-position":"center center","background-size":"auto","background-attachment":"scroll","background-type":"","background-media":"","overlay-type":"","overlay-color":"","overlay-opacity":"","overlay-gradient":""},"tablet":{"background-color":"var(--ast-global-color-5)","background-image":"","background-repeat":"repeat","background-position":"center center","background-size":"auto","background-attachment":"scroll","background-type":"","background-media":"","overlay-type":"","overlay-color":"","overlay-opacity":"","overlay-gradient":""},"mobile":{"background-color":"var(--ast-global-color-5)","background-image":"","background-repeat":"repeat","background-position":"center center","background-size":"auto","background-attachment":"scroll","background-type":"","background-media":"","overlay-type":"","overlay-color":"","overlay-opacity":"","overlay-gradient":""}},"footnotes":""},"categories":[30,29,78],"tags":[],"class_list":["post-13301","post","type-post","status-publish","format-standard","has-post-thumbnail","hentry","category-cicles-formatius","category-portada","category-secretaria"],"post_mailing_queue_ids":[],"_links":{"self":[{"href":"https:\/\/agora.xtec.cat\/ies-antoni-pous\/wp-json\/wp\/v2\/posts\/13301","targetHints":{"allow":["GET"]}}],"collection":[{"href":"https:\/\/agora.xtec.cat\/ies-antoni-pous\/wp-json\/wp\/v2\/posts"}],"about":[{"href":"https:\/\/agora.xtec.cat\/ies-antoni-pous\/wp-json\/wp\/v2\/types\/post"}],"author":[{"embeddable":true,"href":"https:\/\/agora.xtec.cat\/ies-antoni-pous\/wp-json\/wp\/v2\/users\/4"}],"replies":[{"embeddable":true,"href":"https:\/\/agora.xtec.cat\/ies-antoni-pous\/wp-json\/wp\/v2\/comments?post=13301"}],"version-history":[{"count":3,"href":"https:\/\/agora.xtec.cat\/ies-antoni-pous\/wp-json\/wp\/v2\/posts\/13301\/revisions"}],"predecessor-version":[{"id":13464,"href":"https:\/\/agora.xtec.cat\/ies-antoni-pous\/wp-json\/wp\/v2\/posts\/13301\/revisions\/13464"}],"wp:featuredmedia":[{"embeddable":true,"href":"https:\/\/agora.xtec.cat\/ies-antoni-pous\/wp-json\/wp\/v2\/media\/13302"}],"wp:attachment":[{"href":"https:\/\/agora.xtec.cat\/ies-antoni-pous\/wp-json\/wp\/v2\/media?parent=13301"}],"wp:term":[{"taxonomy":"category","embeddable":true,"href":"https:\/\/agora.xtec.cat\/ies-antoni-pous\/wp-json\/wp\/v2\/categories?post=13301"},{"taxonomy":"post_tag","embeddable":true,"href":"https:\/\/agora.xtec.cat\/ies-antoni-pous\/wp-json\/wp\/v2\/tags?post=13301"}],"curies":[{"name":"wp","href":"https:\/\/api.w.org\/{rel}","templated":true}]}}