{"id":12819,"date":"2022-02-07T13:21:34","date_gmt":"2022-02-07T12:21:34","guid":{"rendered":"https:\/\/agora.xtec.cat\/ies-antoni-pous\/?p=12819"},"modified":"2022-02-16T19:36:34","modified_gmt":"2022-02-16T18:36:34","slug":"nova-convocatoria-de-beques-de-mobilitat-internacional-a-cicles","status":"publish","type":"post","link":"https:\/\/agora.xtec.cat\/ies-antoni-pous\/erasmus\/nova-convocatoria-de-beques-de-mobilitat-internacional-a-cicles\/","title":{"rendered":"Nova convocat\u00f2ria de beques de Mobilitat Internacional Erasmus Plus a Cicles Formatius per a ALUMNAT"},"content":{"rendered":"<p><span style=\"font-weight: 400;\">S\u2019obre la convocat\u00f2ria 2021-2022 per participar en projectes de mobilitat internacional al nostre centre. Enguany, s\u2019ofereixen els projectes seg\u00fcents:<\/span><\/p>\n<p><span style=\"font-weight: 400;\">Projectes dirigits a l\u2019<\/span><b>ALUMNAT:<\/b><\/p>\n<ul>\n<li style=\"font-weight: 400;\" aria-level=\"1\"><span style=\"font-weight: 400;\">2 places amb beca Erasmus+ per alumnat de <\/span><b>CFGS Educaci\u00f3 Infantil<\/b><span style=\"font-weight: 400;\"> per qui vulgui fer pr\u00e0ctiques durant m\u00ednim 2 mesos\u00a0 (abril i maig 2022) a Aarhus (Dinamarca) o a San Miniato (It\u00e0lia).<\/span><\/li>\n<\/ul>\n<ul>\n<li style=\"font-weight: 400;\" aria-level=\"1\"><span style=\"font-weight: 400;\">2 places amb beca Erasmus+ per alumnat de <\/span><b>CFGS Integraci\u00f3 Social<\/b><span style=\"font-weight: 400;\"> per qui vulgui fer pr\u00e0ctiques durant m\u00ednim 2 mesos (abril i maig) a Aarhus (Dinamarca).<\/span><\/li>\n<\/ul>\n<ul>\n<li style=\"font-weight: 400;\" aria-level=\"1\"><span style=\"font-weight: 400;\">2 places amb beca Erasmus+ per alumnat del<\/span><b> CFGM Atenci\u00f3 a persones en situaci\u00f3 de depend\u00e8ncia<\/b><span style=\"font-weight: 400;\"> per fer pr\u00e0ctiques durant m\u00ednim 1 mes a Aarhus (Dinamarca).<\/span><\/li>\n<\/ul>\n<p><span style=\"font-weight: 400;\">Les persones interessades que accedeixen a la direcci\u00f3 seg\u00fcent i segueixen les instruccions:<\/span><a href=\"https:\/\/agora.xtec.cat\/ies-antoni-pous\/categoria\/mobilitat-internacional-fp\/alumnat\/\"><span style=\"font-weight: 400;\"> INSTRUCCIONS SOL\u00b7LICITUD PARTICIPACI\u00d3<\/span><\/a><\/p>\n<p><span style=\"font-weight: 400;\">Tamb\u00e9 podeu trobar m\u00e9s informaci\u00f3 al seg\u00fcent enlla\u00e7: <\/span><a href=\"https:\/\/docs.google.com\/presentation\/d\/1eMxQIjHjYcDoNPyDLOspPwHhFOynmrLg_veEOxlNnSw\/edit?usp=sharing\"><span style=\"font-weight: 400;\">\u00a0PRESENTACI\u00d3 DADES CONVOCAT\u00d2RIA<\/span><\/a><\/p>\n<p><span style=\"font-weight: 400;\">El termini per enviar la sol\u00b7licitud, que trobareu a l\u2019enlla\u00e7 anterior s&#8217;ha allargat fins <strong>el 23 de febrer<\/strong><\/span><b> de 2022 a les 12h de la nit.<\/b><span style=\"font-weight: 400;\">\u00a0Per qualsevol dubte, us podeu posar en contacte amb la coordinaci\u00f3 de mobilitat internacional FP: Roc\u00edo Valencia (fpmobilitat@gmail.com).<\/span><\/p>\n<p>&nbsp;<\/p>\n","protected":false},"excerpt":{"rendered":"<p>S\u2019obre la convocat\u00f2ria 2021-2022 per participar en projectes de mobilitat internacional al nostre centre. Enguany, s\u2019ofereixen els projectes seg\u00fcents: Projectes [&hellip;]<\/p>\n","protected":false},"author":15,"featured_media":0,"comment_status":"closed","ping_status":"closed","sticky":false,"template":"","format":"standard","meta":{"_bbp_topic_count":0,"_bbp_reply_count":0,"_bbp_total_topic_count":0,"_bbp_total_reply_count":0,"_bbp_voice_count":0,"_bbp_anonymous_reply_count":0,"_bbp_topic_count_hidden":0,"_bbp_reply_count_hidden":0,"_bbp_forum_subforum_count":0,"site-sidebar-layout":"default","site-content-layout":"","ast-site-content-layout":"","site-content-style":"default","site-sidebar-style":"default","ast-global-header-display":"","ast-banner-title-visibility":"","ast-main-header-display":"","ast-hfb-above-header-display":"","ast-hfb-below-header-display":"","ast-hfb-mobile-header-display":"","site-post-title":"","ast-breadcrumbs-content":"","ast-featured-img":"","footer-sml-layout":"","theme-transparent-header-meta":"","adv-header-id-meta":"","stick-header-meta":"","header-above-stick-meta":"","header-main-stick-meta":"","header-below-stick-meta":"","astra-migrate-meta-layouts":"default","ast-page-background-enabled":"default","ast-page-background-meta":{"desktop":{"background-color":"var(--ast-global-color-4)","background-image":"","background-repeat":"repeat","background-position":"center center","background-size":"auto","background-attachment":"scroll","background-type":"","background-media":"","overlay-type":"","overlay-color":"","overlay-opacity":"","overlay-gradient":""},"tablet":{"background-color":"","background-image":"","background-repeat":"repeat","background-position":"center center","background-size":"auto","background-attachment":"scroll","background-type":"","background-media":"","overlay-type":"","overlay-color":"","overlay-opacity":"","overlay-gradient":""},"mobile":{"background-color":"","background-image":"","background-repeat":"repeat","background-position":"center center","background-size":"auto","background-attachment":"scroll","background-type":"","background-media":"","overlay-type":"","overlay-color":"","overlay-opacity":"","overlay-gradient":""}},"ast-content-background-meta":{"desktop":{"background-color":"var(--ast-global-color-5)","background-image":"","background-repeat":"repeat","background-position":"center center","background-size":"auto","background-attachment":"scroll","background-type":"","background-media":"","overlay-type":"","overlay-color":"","overlay-opacity":"","overlay-gradient":""},"tablet":{"background-color":"var(--ast-global-color-5)","background-image":"","background-repeat":"repeat","background-position":"center center","background-size":"auto","background-attachment":"scroll","background-type":"","background-media":"","overlay-type":"","overlay-color":"","overlay-opacity":"","overlay-gradient":""},"mobile":{"background-color":"var(--ast-global-color-5)","background-image":"","background-repeat":"repeat","background-position":"center center","background-size":"auto","background-attachment":"scroll","background-type":"","background-media":"","overlay-type":"","overlay-color":"","overlay-opacity":"","overlay-gradient":""}},"footnotes":""},"categories":[83,104,109,110],"tags":[],"class_list":["post-12819","post","type-post","status-publish","format-standard","hentry","category-erasmus","category-mobilitat-internacional-fp","category-alumnat","category-professorat"],"post_mailing_queue_ids":[],"_links":{"self":[{"href":"https:\/\/agora.xtec.cat\/ies-antoni-pous\/wp-json\/wp\/v2\/posts\/12819","targetHints":{"allow":["GET"]}}],"collection":[{"href":"https:\/\/agora.xtec.cat\/ies-antoni-pous\/wp-json\/wp\/v2\/posts"}],"about":[{"href":"https:\/\/agora.xtec.cat\/ies-antoni-pous\/wp-json\/wp\/v2\/types\/post"}],"author":[{"embeddable":true,"href":"https:\/\/agora.xtec.cat\/ies-antoni-pous\/wp-json\/wp\/v2\/users\/15"}],"replies":[{"embeddable":true,"href":"https:\/\/agora.xtec.cat\/ies-antoni-pous\/wp-json\/wp\/v2\/comments?post=12819"}],"version-history":[{"count":3,"href":"https:\/\/agora.xtec.cat\/ies-antoni-pous\/wp-json\/wp\/v2\/posts\/12819\/revisions"}],"predecessor-version":[{"id":12937,"href":"https:\/\/agora.xtec.cat\/ies-antoni-pous\/wp-json\/wp\/v2\/posts\/12819\/revisions\/12937"}],"wp:attachment":[{"href":"https:\/\/agora.xtec.cat\/ies-antoni-pous\/wp-json\/wp\/v2\/media?parent=12819"}],"wp:term":[{"taxonomy":"category","embeddable":true,"href":"https:\/\/agora.xtec.cat\/ies-antoni-pous\/wp-json\/wp\/v2\/categories?post=12819"},{"taxonomy":"post_tag","embeddable":true,"href":"https:\/\/agora.xtec.cat\/ies-antoni-pous\/wp-json\/wp\/v2\/tags?post=12819"}],"curies":[{"name":"wp","href":"https:\/\/api.w.org\/{rel}","templated":true}]}}