{"id":12651,"date":"2021-11-23T11:37:54","date_gmt":"2021-11-23T10:37:54","guid":{"rendered":"https:\/\/agora.xtec.cat\/ies-antoni-pous\/?p=12651"},"modified":"2021-11-23T11:56:48","modified_gmt":"2021-11-23T10:56:48","slug":"acte-i-premis-impuls-fp-dual-promoguts-pel-nostre-centre","status":"publish","type":"post","link":"https:\/\/agora.xtec.cat\/ies-antoni-pous\/general\/acte-i-premis-impuls-fp-dual-promoguts-pel-nostre-centre\/","title":{"rendered":"Acte I Premis Impuls FP Dual promoguts pel nostre centre"},"content":{"rendered":"<p><a href=\"https:\/\/agora.xtec.cat\/ies-antoni-pous\/wp-content\/uploads\/usu283\/2021\/11\/LOGO-PREMIS-IMPULS-scaled.jpg\"><img loading=\"lazy\" decoding=\"async\" class=\"aligncenter wp-image-12652 size-medium\" src=\"https:\/\/agora.xtec.cat\/ies-antoni-pous\/wp-content\/uploads\/usu283\/2021\/11\/LOGO-PREMIS-IMPULS-300x231.jpg\" alt=\"\" width=\"300\" height=\"231\" srcset=\"https:\/\/agora.xtec.cat\/ies-antoni-pous\/wp-content\/uploads\/usu283\/2021\/11\/LOGO-PREMIS-IMPULS-300x231.jpg 300w, https:\/\/agora.xtec.cat\/ies-antoni-pous\/wp-content\/uploads\/usu283\/2021\/11\/LOGO-PREMIS-IMPULS-1024x789.jpg 1024w, https:\/\/agora.xtec.cat\/ies-antoni-pous\/wp-content\/uploads\/usu283\/2021\/11\/LOGO-PREMIS-IMPULS-768x592.jpg 768w, https:\/\/agora.xtec.cat\/ies-antoni-pous\/wp-content\/uploads\/usu283\/2021\/11\/LOGO-PREMIS-IMPULS-1536x1184.jpg 1536w, https:\/\/agora.xtec.cat\/ies-antoni-pous\/wp-content\/uploads\/usu283\/2021\/11\/LOGO-PREMIS-IMPULS-2048x1578.jpg 2048w\" sizes=\"auto, (max-width: 300px) 100vw, 300px\" \/><\/a><\/p>\n<p><b>I Premi FP dual, tot un \u00e8xit<\/b><\/p>\n<p><span style=\"font-weight: 400;\">El divendres 19 de novembre el regidor d\u2019educaci\u00f3 de l\u2019Ajuntament de Manlleu va lliurar els premis Impuls FP dual en un acte a Can Puget. La convocat\u00f2ria ha estat una iniciativa de l\u2019INS Antoni Pous i Argila, subvencionada pel <\/span><i><span style=\"font-weight: 400;\">Ministerio de Educaci\u00f3n y formaci\u00f3n profesional<\/span><\/i><span style=\"font-weight: 400;\"> a trav\u00e9s del Departament d\u2019Educaci\u00f3 de la Generalitat de Catalunya, amb l\u2019objectiu de fer visible el vincle que s\u2019estableix entre l\u2019empresa i l\u2019alumnat que realitza aquesta modalitat de FP, a m\u00e9s de posar-la en valor a l\u2019hora de facilitar l\u2019acc\u00e9s amb mercat laboral. L\u2019acte va comptar amb l\u2019Oriol Homs, soci\u00f2leg, que va posar l\u2019\u00e8mfasi en la necessitat de combinar els coneixements que s\u2019adquireixen a l\u2019institut amb la pr\u00e0ctica a l\u2019empresa.<\/span><\/p>\n<p><span style=\"font-weight: 400;\">Els avantprojectes premiats van ser:<\/span><\/p>\n<ul>\n<li style=\"font-weight: 400;\" aria-level=\"1\"><b>Per la FP de grau superior<\/b><span style=\"font-weight: 400;\">: el <\/span><b>Projecte Adult<\/b><span style=\"font-weight: 400;\">, adre\u00e7at a Fundaci\u00f3 Projecte i Vida, de l&#8217;alumna Aida Priego i acompanyada pel seu tutor de l&#8217;entitat Miquel Roman , que proposa l\u2019acompanyament als nois i noies d\u2019un CRAE com a via per mitigar les desavantatges amb les que aquests i aquestes joves s\u2019enfronten a l\u2019hora de trobar feina.\u00a0<\/span><\/li>\n<li style=\"font-weight: 400;\" aria-level=\"1\"><span style=\"font-weight: 400;\">\u00a0<\/span><b>Per la FP de grau mitj\u00e0<\/b><span style=\"font-weight: 400;\">: el projecte <\/span><b>Activitats per gestionar el temps lliure en una unitat residencial amb persones amb dem\u00e8ncia avan\u00e7ada<\/b><span style=\"font-weight: 400;\">, dirigit a la Resid\u00e8ncia Aura de Manlleu, de l&#8217;alumna Wafa Lahfa i acompanyada per la tutora de la resid\u00e8ncia N\u00faria Gran\u00e9, que busca millorar el benestar de part de les persones internes reduint l\u2019aparici\u00f3 sentiments negatius i trastorns de conducta derivats de l\u2019estat emocional.<\/span><\/li>\n<\/ul>\n<p><span style=\"font-weight: 400;\">Tamb\u00e9 es van concedir 2 acc\u00e8ssits. L\u2019un pel projecte <\/span><b>Rac\u00f3 matem\u00e0tic<\/b><span style=\"font-weight: 400;\"> de l&#8217;alumna J\u00falia N\u00fa\u00f1ez i acompanyada per la tutora de l&#8217;escola bressol No\u00e8lia Vallejo, adre\u00e7at a l\u2019Escola bressol Els Picarols de Manlleu, i l\u2019altre per la proposta d\u2019una <\/span><b>Sala d&#8217;estimulaci\u00f3 per a persones amb dificultats cognitives<\/b><span style=\"font-weight: 400;\">, de l&#8217;alumna Carla Sol\u00e0 i acompanyada per la tutora de la resid\u00e8ncia Imma Cantizano, dirigit a la 2a planta de la Resid\u00e8ncia el Nadal de Vic.<\/span><\/p>\n<p><span style=\"font-weight: 400;\">Des de l\u2019Institut Antoni Pous i Argila felicitem a tots\/es els i les participants, conjuntament amb els i les tutores a l\u2019empresa i les encoratgem a implementar els projectes presentats.<\/span><\/p>\n<div id='gallery-1' class='gallery galleryid-12651 gallery-columns-2 gallery-size-medium'><figure class='gallery-item'>\n\t\t\t<div class='gallery-icon landscape'>\n\t\t\t\t<a href='https:\/\/agora.xtec.cat\/ies-antoni-pous\/general\/acte-i-premis-impuls-fp-dual-promoguts-pel-nostre-centre\/attachment\/20211119_170057\/'><img loading=\"lazy\" decoding=\"async\" width=\"300\" height=\"156\" src=\"https:\/\/agora.xtec.cat\/ies-antoni-pous\/wp-content\/uploads\/usu283\/2021\/11\/20211119_170057-300x156.jpg\" class=\"attachment-medium size-medium\" alt=\"\" srcset=\"https:\/\/agora.xtec.cat\/ies-antoni-pous\/wp-content\/uploads\/usu283\/2021\/11\/20211119_170057-300x156.jpg 300w, https:\/\/agora.xtec.cat\/ies-antoni-pous\/wp-content\/uploads\/usu283\/2021\/11\/20211119_170057-1024x533.jpg 1024w, https:\/\/agora.xtec.cat\/ies-antoni-pous\/wp-content\/uploads\/usu283\/2021\/11\/20211119_170057-768x400.jpg 768w, https:\/\/agora.xtec.cat\/ies-antoni-pous\/wp-content\/uploads\/usu283\/2021\/11\/20211119_170057-1536x799.jpg 1536w, https:\/\/agora.xtec.cat\/ies-antoni-pous\/wp-content\/uploads\/usu283\/2021\/11\/20211119_170057-2048x1066.jpg 2048w\" sizes=\"auto, (max-width: 300px) 100vw, 300px\" \/><\/a>\n\t\t\t<\/div><\/figure><figure class='gallery-item'>\n\t\t\t<div class='gallery-icon landscape'>\n\t\t\t\t<a href='https:\/\/agora.xtec.cat\/ies-antoni-pous\/general\/acte-i-premis-impuls-fp-dual-promoguts-pel-nostre-centre\/attachment\/20211119_165337\/'><img loading=\"lazy\" decoding=\"async\" width=\"300\" height=\"167\" src=\"https:\/\/agora.xtec.cat\/ies-antoni-pous\/wp-content\/uploads\/usu283\/2021\/11\/20211119_165337-300x167.jpg\" class=\"attachment-medium size-medium\" alt=\"\" srcset=\"https:\/\/agora.xtec.cat\/ies-antoni-pous\/wp-content\/uploads\/usu283\/2021\/11\/20211119_165337-300x167.jpg 300w, https:\/\/agora.xtec.cat\/ies-antoni-pous\/wp-content\/uploads\/usu283\/2021\/11\/20211119_165337-1024x568.jpg 1024w, https:\/\/agora.xtec.cat\/ies-antoni-pous\/wp-content\/uploads\/usu283\/2021\/11\/20211119_165337-768x426.jpg 768w, https:\/\/agora.xtec.cat\/ies-antoni-pous\/wp-content\/uploads\/usu283\/2021\/11\/20211119_165337-1536x853.jpg 1536w, https:\/\/agora.xtec.cat\/ies-antoni-pous\/wp-content\/uploads\/usu283\/2021\/11\/20211119_165337-2048x1137.jpg 2048w\" sizes=\"auto, (max-width: 300px) 100vw, 300px\" \/><\/a>\n\t\t\t<\/div><\/figure><figure class='gallery-item'>\n\t\t\t<div class='gallery-icon landscape'>\n\t\t\t\t<a href='https:\/\/agora.xtec.cat\/ies-antoni-pous\/general\/acte-i-premis-impuls-fp-dual-promoguts-pel-nostre-centre\/attachment\/20211119_164711\/'><img loading=\"lazy\" decoding=\"async\" width=\"300\" height=\"169\" src=\"https:\/\/agora.xtec.cat\/ies-antoni-pous\/wp-content\/uploads\/usu283\/2021\/11\/20211119_164711-300x169.jpg\" class=\"attachment-medium size-medium\" alt=\"\" srcset=\"https:\/\/agora.xtec.cat\/ies-antoni-pous\/wp-content\/uploads\/usu283\/2021\/11\/20211119_164711-300x169.jpg 300w, https:\/\/agora.xtec.cat\/ies-antoni-pous\/wp-content\/uploads\/usu283\/2021\/11\/20211119_164711-1024x576.jpg 1024w, https:\/\/agora.xtec.cat\/ies-antoni-pous\/wp-content\/uploads\/usu283\/2021\/11\/20211119_164711-768x432.jpg 768w, https:\/\/agora.xtec.cat\/ies-antoni-pous\/wp-content\/uploads\/usu283\/2021\/11\/20211119_164711-1536x864.jpg 1536w, https:\/\/agora.xtec.cat\/ies-antoni-pous\/wp-content\/uploads\/usu283\/2021\/11\/20211119_164711-2048x1152.jpg 2048w\" sizes=\"auto, (max-width: 300px) 100vw, 300px\" \/><\/a>\n\t\t\t<\/div><\/figure><figure class='gallery-item'>\n\t\t\t<div class='gallery-icon landscape'>\n\t\t\t\t<a href='https:\/\/agora.xtec.cat\/ies-antoni-pous\/general\/acte-i-premis-impuls-fp-dual-promoguts-pel-nostre-centre\/attachment\/20211119_165608\/'><img loading=\"lazy\" decoding=\"async\" width=\"300\" height=\"169\" src=\"https:\/\/agora.xtec.cat\/ies-antoni-pous\/wp-content\/uploads\/usu283\/2021\/11\/20211119_165608-300x169.jpg\" class=\"attachment-medium size-medium\" alt=\"\" srcset=\"https:\/\/agora.xtec.cat\/ies-antoni-pous\/wp-content\/uploads\/usu283\/2021\/11\/20211119_165608-300x169.jpg 300w, https:\/\/agora.xtec.cat\/ies-antoni-pous\/wp-content\/uploads\/usu283\/2021\/11\/20211119_165608-1024x576.jpg 1024w, https:\/\/agora.xtec.cat\/ies-antoni-pous\/wp-content\/uploads\/usu283\/2021\/11\/20211119_165608-768x432.jpg 768w, https:\/\/agora.xtec.cat\/ies-antoni-pous\/wp-content\/uploads\/usu283\/2021\/11\/20211119_165608-1536x864.jpg 1536w, https:\/\/agora.xtec.cat\/ies-antoni-pous\/wp-content\/uploads\/usu283\/2021\/11\/20211119_165608-2048x1152.jpg 2048w\" sizes=\"auto, (max-width: 300px) 100vw, 300px\" \/><\/a>\n\t\t\t<\/div><\/figure><figure class='gallery-item'>\n\t\t\t<div class='gallery-icon landscape'>\n\t\t\t\t<a href='https:\/\/agora.xtec.cat\/ies-antoni-pous\/general\/acte-i-premis-impuls-fp-dual-promoguts-pel-nostre-centre\/attachment\/20211119_165826\/'><img loading=\"lazy\" decoding=\"async\" width=\"300\" height=\"190\" src=\"https:\/\/agora.xtec.cat\/ies-antoni-pous\/wp-content\/uploads\/usu283\/2021\/11\/20211119_165826-300x190.jpg\" class=\"attachment-medium size-medium\" alt=\"\" srcset=\"https:\/\/agora.xtec.cat\/ies-antoni-pous\/wp-content\/uploads\/usu283\/2021\/11\/20211119_165826-300x190.jpg 300w, https:\/\/agora.xtec.cat\/ies-antoni-pous\/wp-content\/uploads\/usu283\/2021\/11\/20211119_165826-1024x648.jpg 1024w, https:\/\/agora.xtec.cat\/ies-antoni-pous\/wp-content\/uploads\/usu283\/2021\/11\/20211119_165826-768x486.jpg 768w, https:\/\/agora.xtec.cat\/ies-antoni-pous\/wp-content\/uploads\/usu283\/2021\/11\/20211119_165826-1536x973.jpg 1536w, https:\/\/agora.xtec.cat\/ies-antoni-pous\/wp-content\/uploads\/usu283\/2021\/11\/20211119_165826-2048x1297.jpg 2048w\" sizes=\"auto, (max-width: 300px) 100vw, 300px\" \/><\/a>\n\t\t\t<\/div><\/figure><figure class='gallery-item'>\n\t\t\t<div class='gallery-icon landscape'>\n\t\t\t\t<a href='https:\/\/agora.xtec.cat\/ies-antoni-pous\/general\/acte-i-premis-impuls-fp-dual-promoguts-pel-nostre-centre\/attachment\/img_20211119_161731-1\/'><img loading=\"lazy\" decoding=\"async\" width=\"300\" height=\"225\" src=\"https:\/\/agora.xtec.cat\/ies-antoni-pous\/wp-content\/uploads\/usu283\/2021\/11\/IMG_20211119_161731-1-300x225.jpg\" class=\"attachment-medium size-medium\" alt=\"\" srcset=\"https:\/\/agora.xtec.cat\/ies-antoni-pous\/wp-content\/uploads\/usu283\/2021\/11\/IMG_20211119_161731-1-300x225.jpg 300w, https:\/\/agora.xtec.cat\/ies-antoni-pous\/wp-content\/uploads\/usu283\/2021\/11\/IMG_20211119_161731-1-1024x768.jpg 1024w, https:\/\/agora.xtec.cat\/ies-antoni-pous\/wp-content\/uploads\/usu283\/2021\/11\/IMG_20211119_161731-1-768x576.jpg 768w, https:\/\/agora.xtec.cat\/ies-antoni-pous\/wp-content\/uploads\/usu283\/2021\/11\/IMG_20211119_161731-1-200x150.jpg 200w, https:\/\/agora.xtec.cat\/ies-antoni-pous\/wp-content\/uploads\/usu283\/2021\/11\/IMG_20211119_161731-1.jpg 1500w\" sizes=\"auto, (max-width: 300px) 100vw, 300px\" \/><\/a>\n\t\t\t<\/div><\/figure>\n\t\t<\/div>\n\n<p>&nbsp;<\/p>\n<p><a href=\"https:\/\/agora.xtec.cat\/ies-antoni-pous\/wp-content\/uploads\/usu283\/2021\/11\/LOGOTIP-MINISTERIO-1.jpg\"><img loading=\"lazy\" decoding=\"async\" class=\"wp-image-12663 size-medium aligncenter\" src=\"https:\/\/agora.xtec.cat\/ies-antoni-pous\/wp-content\/uploads\/usu283\/2021\/11\/LOGOTIP-MINISTERIO-1-300x47.jpg\" alt=\"\" width=\"300\" height=\"47\" srcset=\"https:\/\/agora.xtec.cat\/ies-antoni-pous\/wp-content\/uploads\/usu283\/2021\/11\/LOGOTIP-MINISTERIO-1-300x47.jpg 300w, https:\/\/agora.xtec.cat\/ies-antoni-pous\/wp-content\/uploads\/usu283\/2021\/11\/LOGOTIP-MINISTERIO-1-1024x159.jpg 1024w, https:\/\/agora.xtec.cat\/ies-antoni-pous\/wp-content\/uploads\/usu283\/2021\/11\/LOGOTIP-MINISTERIO-1-768x120.jpg 768w, https:\/\/agora.xtec.cat\/ies-antoni-pous\/wp-content\/uploads\/usu283\/2021\/11\/LOGOTIP-MINISTERIO-1-1536x239.jpg 1536w, https:\/\/agora.xtec.cat\/ies-antoni-pous\/wp-content\/uploads\/usu283\/2021\/11\/LOGOTIP-MINISTERIO-1-2048x319.jpg 2048w\" sizes=\"auto, (max-width: 300px) 100vw, 300px\" \/><\/a><\/p>\n","protected":false},"excerpt":{"rendered":"<p>Acte de celebraci\u00f3 dels I Premis Impuls FP Dual promoguts pel nostre centre<\/p>\n","protected":false},"author":13,"featured_media":12652,"comment_status":"closed","ping_status":"closed","sticky":false,"template":"","format":"standard","meta":{"_bbp_topic_count":0,"_bbp_reply_count":0,"_bbp_total_topic_count":0,"_bbp_total_reply_count":0,"_bbp_voice_count":0,"_bbp_anonymous_reply_count":0,"_bbp_topic_count_hidden":0,"_bbp_reply_count_hidden":0,"_bbp_forum_subforum_count":0,"site-sidebar-layout":"default","site-content-layout":"","ast-site-content-layout":"","site-content-style":"default","site-sidebar-style":"default","ast-global-header-display":"","ast-banner-title-visibility":"","ast-main-header-display":"","ast-hfb-above-header-display":"","ast-hfb-below-header-display":"","ast-hfb-mobile-header-display":"","site-post-title":"","ast-breadcrumbs-content":"","ast-featured-img":"","footer-sml-layout":"","theme-transparent-header-meta":"","adv-header-id-meta":"","stick-header-meta":"","header-above-stick-meta":"","header-main-stick-meta":"","header-below-stick-meta":"","astra-migrate-meta-layouts":"default","ast-page-background-enabled":"default","ast-page-background-meta":{"desktop":{"background-color":"var(--ast-global-color-4)","background-image":"","background-repeat":"repeat","background-position":"center center","background-size":"auto","background-attachment":"scroll","background-type":"","background-media":"","overlay-type":"","overlay-color":"","overlay-opacity":"","overlay-gradient":""},"tablet":{"background-color":"","background-image":"","background-repeat":"repeat","background-position":"center center","background-size":"auto","background-attachment":"scroll","background-type":"","background-media":"","overlay-type":"","overlay-color":"","overlay-opacity":"","overlay-gradient":""},"mobile":{"background-color":"","background-image":"","background-repeat":"repeat","background-position":"center center","background-size":"auto","background-attachment":"scroll","background-type":"","background-media":"","overlay-type":"","overlay-color":"","overlay-opacity":"","overlay-gradient":""}},"ast-content-background-meta":{"desktop":{"background-color":"var(--ast-global-color-5)","background-image":"","background-repeat":"repeat","background-position":"center center","background-size":"auto","background-attachment":"scroll","background-type":"","background-media":"","overlay-type":"","overlay-color":"","overlay-opacity":"","overlay-gradient":""},"tablet":{"background-color":"var(--ast-global-color-5)","background-image":"","background-repeat":"repeat","background-position":"center center","background-size":"auto","background-attachment":"scroll","background-type":"","background-media":"","overlay-type":"","overlay-color":"","overlay-opacity":"","overlay-gradient":""},"mobile":{"background-color":"var(--ast-global-color-5)","background-image":"","background-repeat":"repeat","background-position":"center center","background-size":"auto","background-attachment":"scroll","background-type":"","background-media":"","overlay-type":"","overlay-color":"","overlay-opacity":"","overlay-gradient":""}},"footnotes":""},"categories":[127,1,29,74],"tags":[137,136,77],"class_list":["post-12651","post","type-post","status-publish","format-standard","has-post-thumbnail","hentry","category-fp-dual","category-general","category-portada","category-premis","tag-fp","tag-fpdual","tag-premis"],"post_mailing_queue_ids":[],"_links":{"self":[{"href":"https:\/\/agora.xtec.cat\/ies-antoni-pous\/wp-json\/wp\/v2\/posts\/12651","targetHints":{"allow":["GET"]}}],"collection":[{"href":"https:\/\/agora.xtec.cat\/ies-antoni-pous\/wp-json\/wp\/v2\/posts"}],"about":[{"href":"https:\/\/agora.xtec.cat\/ies-antoni-pous\/wp-json\/wp\/v2\/types\/post"}],"author":[{"embeddable":true,"href":"https:\/\/agora.xtec.cat\/ies-antoni-pous\/wp-json\/wp\/v2\/users\/13"}],"replies":[{"embeddable":true,"href":"https:\/\/agora.xtec.cat\/ies-antoni-pous\/wp-json\/wp\/v2\/comments?post=12651"}],"version-history":[{"count":3,"href":"https:\/\/agora.xtec.cat\/ies-antoni-pous\/wp-json\/wp\/v2\/posts\/12651\/revisions"}],"predecessor-version":[{"id":12667,"href":"https:\/\/agora.xtec.cat\/ies-antoni-pous\/wp-json\/wp\/v2\/posts\/12651\/revisions\/12667"}],"wp:featuredmedia":[{"embeddable":true,"href":"https:\/\/agora.xtec.cat\/ies-antoni-pous\/wp-json\/wp\/v2\/media\/12652"}],"wp:attachment":[{"href":"https:\/\/agora.xtec.cat\/ies-antoni-pous\/wp-json\/wp\/v2\/media?parent=12651"}],"wp:term":[{"taxonomy":"category","embeddable":true,"href":"https:\/\/agora.xtec.cat\/ies-antoni-pous\/wp-json\/wp\/v2\/categories?post=12651"},{"taxonomy":"post_tag","embeddable":true,"href":"https:\/\/agora.xtec.cat\/ies-antoni-pous\/wp-json\/wp\/v2\/tags?post=12651"}],"curies":[{"name":"wp","href":"https:\/\/api.w.org\/{rel}","templated":true}]}}