{"id":10453,"date":"2019-11-29T11:44:49","date_gmt":"2019-11-29T10:44:49","guid":{"rendered":"https:\/\/agora.xtec.cat\/ies-antoni-pous\/?p=10453"},"modified":"2019-11-29T11:44:49","modified_gmt":"2019-11-29T10:44:49","slug":"resultats-definitius-seleccio-alumnat-mobilitat-internacional-fp","status":"publish","type":"post","link":"https:\/\/agora.xtec.cat\/ies-antoni-pous\/general\/resultats-definitius-seleccio-alumnat-mobilitat-internacional-fp\/","title":{"rendered":"Resultats DEFINITIUS \u2013 selecci\u00f3 alumnat \u2013 mobilitat internacional FP"},"content":{"rendered":"<header class=\"entry-header\"><span style=\"font-family: inherit; font-size: 1em;\">Benvolgudes i benvolguts,<\/span><\/header>\n<div class=\"entry-content\">\n<p>&nbsp;<\/p>\n<p>Un cop finalitzat el per\u00edode reclamacions, us anunciem els resultats DEFINITIUS del proc\u00e9s de selecci\u00f3 de candidatures ALUMNAT pels projectes ERASMUS+ 2019 2020<\/p>\n<p>&nbsp;<\/p>\n<p><strong>Persones seleccionades (amb BECA)<\/strong><\/p>\n<table width=\"100%\">\n<tbody>\n<tr>\n<td colspan=\"2\" width=\"33%\">CFGM Atenci\u00f3 persones depend\u00e8ncia<\/td>\n<td colspan=\"2\" width=\"33%\">CFGS Educaci\u00f3 Infantil<\/td>\n<td colspan=\"2\" width=\"33%\">CFGS Integraci\u00f3 Social<\/td>\n<\/tr>\n<tr>\n<td width=\"13%\">CODI<\/td>\n<td width=\"19%\"><em>Puntuaci\u00f3<\/em><\/td>\n<td width=\"12%\">CODI<\/td>\n<td width=\"20%\"><em>Puntuaci\u00f3<\/em><\/td>\n<td width=\"13%\">CODI<\/td>\n<td width=\"20%\"><em>Puntuaci\u00f3<\/em><\/td>\n<\/tr>\n<tr>\n<td width=\"13%\">Alum05<\/td>\n<td width=\"19%\">5,95<\/td>\n<td width=\"12%\">albs<\/td>\n<td width=\"20%\">8,25<\/td>\n<td width=\"13%\">Alum1207<\/td>\n<td width=\"20%\">8,5<\/td>\n<\/tr>\n<tr>\n<td colspan=\"2\" width=\"33%\"><\/td>\n<td width=\"12%\">125KDY<\/td>\n<td width=\"20%\">7,25<\/td>\n<td width=\"13%\">adri14<\/td>\n<td width=\"20%\">7,6<\/td>\n<\/tr>\n<tr>\n<td colspan=\"6\" width=\"100%\">&nbsp;<\/p>\n<p>&nbsp;<\/p>\n<p><strong>Persones en llista d\u2019espera<\/strong><\/p>\n<p>(CFGS Educaci\u00f3 Infantil i CFGS Integraci\u00f3 social: opci\u00f3 sense beca)<\/p>\n<p>&nbsp;<\/td>\n<\/tr>\n<tr>\n<td colspan=\"2\" width=\"33%\">CFGM Atenci\u00f3 persones depend\u00e8ncia<\/td>\n<td colspan=\"2\" width=\"33%\">CFGS Educaci\u00f3 Infantil<\/td>\n<td colspan=\"2\" width=\"33%\">CFGS Integraci\u00f3 Social<\/td>\n<\/tr>\n<tr>\n<td width=\"13%\">CODI<\/td>\n<td width=\"19%\"><em>Puntuaci\u00f3<\/em><\/td>\n<td width=\"12%\">CODI<\/td>\n<td width=\"20%\"><em>Puntuaci\u00f3<\/em><\/td>\n<td width=\"13%\">CODI<\/td>\n<td width=\"20%\"><em>Puntuaci\u00f3<\/em><\/td>\n<\/tr>\n<tr>\n<td width=\"13%\">247g<\/td>\n<td width=\"19%\">5,5<\/td>\n<td width=\"12%\">flor23<\/td>\n<td width=\"20%\">7<\/td>\n<td width=\"13%\">kira3<\/td>\n<td width=\"20%\">7<\/td>\n<\/tr>\n<tr>\n<td width=\"13%\">Alum142<\/td>\n<td width=\"19%\">5<\/td>\n<td width=\"12%\">Miinii021<\/td>\n<td width=\"20%\">6,75<\/td>\n<td width=\"13%\">BRUMS<\/td>\n<td width=\"20%\">6,6<\/td>\n<\/tr>\n<\/tbody>\n<\/table>\n<p>&nbsp;<\/p>\n<p>Divendres, 29 de novembre de 2019<\/p>\n<p>&nbsp;<\/p>\n<p><strong>Comissi\u00f3 mobilitat internacional FP<\/strong><\/p>\n<p>Institut Antoni Pous i Argila (Manlleu)<\/p>\n<div class=\"addtoany_share_save_container addtoany_content_bottom\">\n<div class=\"a2a_kit a2a_kit_size_25 addtoany_list\" data-a2a-url=\"https:\/\/agora.xtec.cat\/ies-antoni-pous\/general\/resultats-provisionals-seleccio-alumnat-mobilitat-internacional-fp\/\" data-a2a-title=\"Resultats PROVISIONALS \u2013 selecci\u00f3 alumnat \u2013 mobilitat internacional FP\"><a class=\"a2a_button_facebook\" title=\"Facebook\" href=\"https:\/\/agora.xtec.cat\/#facebook\" target=\"_blank\" rel=\"nofollow noopener noreferrer\"><span class=\"a2a_label\">Facebook<\/span><\/a><a class=\"a2a_button_twitter\" title=\"Twitter\" href=\"https:\/\/agora.xtec.cat\/#twitter\" target=\"_blank\" rel=\"nofollow noopener noreferrer\"><span class=\"a2a_label\">Twitter<\/span><\/a><a class=\"a2a_button_whatsapp\" title=\"WhatsApp\" href=\"https:\/\/agora.xtec.cat\/#whatsapp\" target=\"_blank\" rel=\"nofollow noopener noreferrer\"><span class=\"a2a_label\">WhatsApp<\/span><\/a><a class=\"a2a_button_google_gmail\" title=\"Google Gmail\" href=\"https:\/\/agora.xtec.cat\/#google_gmail\" target=\"_blank\" rel=\"nofollow noopener noreferrer\"><span class=\"a2a_label\">Gmail<\/span><\/a><\/div>\n<\/div>\n<\/div>\n","protected":false},"excerpt":{"rendered":"<p>Resultats DEFINITIUS \u2013 selecci\u00f3 alumnat \u2013 mobilitat internacional FP<\/p>\n","protected":false},"author":13,"featured_media":9740,"comment_status":"closed","ping_status":"closed","sticky":false,"template":"","format":"standard","meta":{"_bbp_topic_count":0,"_bbp_reply_count":0,"_bbp_total_topic_count":0,"_bbp_total_reply_count":0,"_bbp_voice_count":0,"_bbp_anonymous_reply_count":0,"_bbp_topic_count_hidden":0,"_bbp_reply_count_hidden":0,"_bbp_forum_subforum_count":0,"site-sidebar-layout":"default","site-content-layout":"","ast-site-content-layout":"","site-content-style":"default","site-sidebar-style":"default","ast-global-header-display":"","ast-banner-title-visibility":"","ast-main-header-display":"","ast-hfb-above-header-display":"","ast-hfb-below-header-display":"","ast-hfb-mobile-header-display":"","site-post-title":"","ast-breadcrumbs-content":"","ast-featured-img":"","footer-sml-layout":"","theme-transparent-header-meta":"","adv-header-id-meta":"","stick-header-meta":"","header-above-stick-meta":"","header-main-stick-meta":"","header-below-stick-meta":"","astra-migrate-meta-layouts":"default","ast-page-background-enabled":"default","ast-page-background-meta":{"desktop":{"background-color":"var(--ast-global-color-4)","background-image":"","background-repeat":"repeat","background-position":"center center","background-size":"auto","background-attachment":"scroll","background-type":"","background-media":"","overlay-type":"","overlay-color":"","overlay-opacity":"","overlay-gradient":""},"tablet":{"background-color":"","background-image":"","background-repeat":"repeat","background-position":"center center","background-size":"auto","background-attachment":"scroll","background-type":"","background-media":"","overlay-type":"","overlay-color":"","overlay-opacity":"","overlay-gradient":""},"mobile":{"background-color":"","background-image":"","background-repeat":"repeat","background-position":"center center","background-size":"auto","background-attachment":"scroll","background-type":"","background-media":"","overlay-type":"","overlay-color":"","overlay-opacity":"","overlay-gradient":""}},"ast-content-background-meta":{"desktop":{"background-color":"var(--ast-global-color-5)","background-image":"","background-repeat":"repeat","background-position":"center center","background-size":"auto","background-attachment":"scroll","background-type":"","background-media":"","overlay-type":"","overlay-color":"","overlay-opacity":"","overlay-gradient":""},"tablet":{"background-color":"var(--ast-global-color-5)","background-image":"","background-repeat":"repeat","background-position":"center center","background-size":"auto","background-attachment":"scroll","background-type":"","background-media":"","overlay-type":"","overlay-color":"","overlay-opacity":"","overlay-gradient":""},"mobile":{"background-color":"var(--ast-global-color-5)","background-image":"","background-repeat":"repeat","background-position":"center center","background-size":"auto","background-attachment":"scroll","background-type":"","background-media":"","overlay-type":"","overlay-color":"","overlay-opacity":"","overlay-gradient":""}},"footnotes":""},"categories":[1,111,104,29,109],"tags":[],"class_list":["post-10453","post","type-post","status-publish","format-standard","has-post-thumbnail","hentry","category-general","category-mobilitat","category-mobilitat-internacional-fp","category-portada","category-alumnat"],"post_mailing_queue_ids":[],"_links":{"self":[{"href":"https:\/\/agora.xtec.cat\/ies-antoni-pous\/wp-json\/wp\/v2\/posts\/10453","targetHints":{"allow":["GET"]}}],"collection":[{"href":"https:\/\/agora.xtec.cat\/ies-antoni-pous\/wp-json\/wp\/v2\/posts"}],"about":[{"href":"https:\/\/agora.xtec.cat\/ies-antoni-pous\/wp-json\/wp\/v2\/types\/post"}],"author":[{"embeddable":true,"href":"https:\/\/agora.xtec.cat\/ies-antoni-pous\/wp-json\/wp\/v2\/users\/13"}],"replies":[{"embeddable":true,"href":"https:\/\/agora.xtec.cat\/ies-antoni-pous\/wp-json\/wp\/v2\/comments?post=10453"}],"version-history":[{"count":3,"href":"https:\/\/agora.xtec.cat\/ies-antoni-pous\/wp-json\/wp\/v2\/posts\/10453\/revisions"}],"predecessor-version":[{"id":10457,"href":"https:\/\/agora.xtec.cat\/ies-antoni-pous\/wp-json\/wp\/v2\/posts\/10453\/revisions\/10457"}],"wp:featuredmedia":[{"embeddable":true,"href":"https:\/\/agora.xtec.cat\/ies-antoni-pous\/wp-json\/wp\/v2\/media\/9740"}],"wp:attachment":[{"href":"https:\/\/agora.xtec.cat\/ies-antoni-pous\/wp-json\/wp\/v2\/media?parent=10453"}],"wp:term":[{"taxonomy":"category","embeddable":true,"href":"https:\/\/agora.xtec.cat\/ies-antoni-pous\/wp-json\/wp\/v2\/categories?post=10453"},{"taxonomy":"post_tag","embeddable":true,"href":"https:\/\/agora.xtec.cat\/ies-antoni-pous\/wp-json\/wp\/v2\/tags?post=10453"}],"curies":[{"name":"wp","href":"https:\/\/api.w.org\/{rel}","templated":true}]}}